{"id":998,"date":"2023-01-27T10:44:42","date_gmt":"2023-01-27T10:44:42","guid":{"rendered":"https:\/\/kelmiskiams.lt\/?p=998"},"modified":"2023-01-27T10:46:10","modified_gmt":"2023-01-27T10:46:10","slug":"kelmiskiai-dalyvauja-adventur-parodoje","status":"publish","type":"post","link":"https:\/\/kelmiskiams.lt\/?p=998","title":{"rendered":"Kelmi\u0161kiai dalyvauja \u201eAdventur\u201c parodoje"},"content":{"rendered":"\n<p>Kelm\u0117s turizmo ir verslo informacijos centras kartu su Kelm\u0117s rajono savivaldyb\u0117s administracija dalyvauja turizmo parodoje \u201eAdventur\u201c.   Vis\u0105 savaitgal\u012f vyksian\u010dioje parodoje kelmi\u0161kiai  pristato Kelm\u0117s kra\u0161to turizmo i\u0161teklius.<\/p>\n\n\n\n<p>\u2013 Pristatome  kaimo turizm\u0105, apgyvendinimo, aktyvaus laisvalaikio paslaugas, autenti\u0161k\u0105 gamt\u0105. \u017dmon\u0117s labai domisi Kelm\u0117s kra\u0161tu, o tai nuteikia maloniai, \u2013 sak\u0117  Kelm\u0117s turizmo ir verslo informacijos centro vadov\u0117 Vilija Virbick\u0117.<\/p>\n\n\n\n<div data-project=\"aa46c553-a966-4815-b365-4a134cccb3c9\" data-locale=\"lt\" class=\"mkdf-snippet\"><\/div>\n<script src=\"https:\/\/payment.maksekeskus.ee\/static\/js\/donation\/donation.js\"><\/script>\n\n\n\n<p>\u201eAdventur\u201c \u2013<strong> <\/strong>vienintel\u0117 tarptautin\u0117 turizmo, kelioni\u0173 ir aktyvaus laisvalaikio paroda Lietuvoje, skatinanti turizmo paslaug\u0173 populiarinim\u0105 ir aktyv\u0173 gyvenimo b\u016bd\u0105. \u010cia \u201epo vienu stogu\u201c rasite visus s\u0117kmingo turizmo verslo elementus: gausius atostogoms ir poilsiui neabejing\u0173 lankytoj\u0173 srautus, galimybes u\u017emegzti verslo kontaktus, susirasti verslo partneri\u0173. 2023 met\u0173 tema \u2013 \u0161v\u0119skime kelion\u0119, tai laisv\u0117 \u0161v\u0119sti gyvenim\u0105 ir leistis \u012f ilgai lauktas keliones, neatid\u0117liojant j\u0173 atei\u010diai. <\/p>\n\n\n\n<p class=\"has-text-align-right\">\u201eKelmi\u0161kiams.lt\u201c inf., V. Virbick\u0117s nuotr.<\/p>\n","protected":false},"excerpt":{"rendered":"<p>Kelm\u0117s turizmo ir verslo informacijos centras kartu su Kelm\u0117s rajono savivaldyb\u0117s administracija dalyvauja turizmo parodoje \u201eAdventur\u201c. Vis\u0105 savaitgal\u012f vyksian\u010dioje parodoje<\/p>\n","protected":false},"author":2,"featured_media":999,"comment_status":"open","ping_status":"open","sticky":false,"template":"","format":"standard","meta":{"om_disable_all_campaigns":false,"_mi_skip_tracking":false},"categories":[4],"tags":[],"aioseo_notices":[],"_links":{"self":[{"href":"https:\/\/kelmiskiams.lt\/index.php?rest_route=\/wp\/v2\/posts\/998"}],"collection":[{"href":"https:\/\/kelmiskiams.lt\/index.php?rest_route=\/wp\/v2\/posts"}],"about":[{"href":"https:\/\/kelmiskiams.lt\/index.php?rest_route=\/wp\/v2\/types\/post"}],"author":[{"embeddable":true,"href":"https:\/\/kelmiskiams.lt\/index.php?rest_route=\/wp\/v2\/users\/2"}],"replies":[{"embeddable":true,"href":"https:\/\/kelmiskiams.lt\/index.php?rest_route=%2Fwp%2Fv2%2Fcomments&post=998"}],"version-history":[{"count":1,"href":"https:\/\/kelmiskiams.lt\/index.php?rest_route=\/wp\/v2\/posts\/998\/revisions"}],"predecessor-version":[{"id":1000,"href":"https:\/\/kelmiskiams.lt\/index.php?rest_route=\/wp\/v2\/posts\/998\/revisions\/1000"}],"wp:featuredmedia":[{"embeddable":true,"href":"https:\/\/kelmiskiams.lt\/index.php?rest_route=\/wp\/v2\/media\/999"}],"wp:attachment":[{"href":"https:\/\/kelmiskiams.lt\/index.php?rest_route=%2Fwp%2Fv2%2Fmedia&parent=998"}],"wp:term":[{"taxonomy":"category","embeddable":true,"href":"https:\/\/kelmiskiams.lt\/index.php?rest_route=%2Fwp%2Fv2%2Fcategories&post=998"},{"taxonomy":"post_tag","embeddable":true,"href":"https:\/\/kelmiskiams.lt\/index.php?rest_route=%2Fwp%2Fv2%2Ftags&post=998"}],"curies":[{"name":"wp","href":"https:\/\/api.w.org\/{rel}","templated":true}]}}