{"id":982,"date":"2023-01-26T12:34:41","date_gmt":"2023-01-26T12:34:41","guid":{"rendered":"https:\/\/kelmiskiams.lt\/?p=982"},"modified":"2023-01-27T10:26:45","modified_gmt":"2023-01-27T10:26:45","slug":"rinkimu-debatai-su-kandidatais-i-taryba","status":"publish","type":"post","link":"https:\/\/kelmiskiams.lt\/?p=982","title":{"rendered":"<strong>Rinkim\u0173 debatai su kandidatais \u012f Taryb\u0105<\/strong>"},"content":{"rendered":"\n<p>Kovo 5 d. vyks Savivaldybi\u0173 taryb\u0173 ir mer\u0173 rinkimai, kuriuose mums visiems reik\u0117s priimti svarb\u0173 sprendim\u0105 \u2013 kam patik\u0117sime rajono valdym\u0105 ateinan\u010dius ketverius metus.<\/p>\n\n\n\n<p>\u2013 \u201eKelmi\u0161kiams.lt\u201c kvie\u010dia rajono \u017emones dalyvauti pirmuosiuose rinkim\u0173 debatuose, kuri\u0173 met\u0173 diskutuos ir savo program\u0173 \u012f\u017evalgas pateiks rinkimuose \u012f Taryb\u0105 dalyvaujan\u010di\u0173 politini\u0173 partij\u0173 atstovai, \u2013 sako \u201eKelmi\u0161kiams.lt\u201c&nbsp; redaktorius Nerijus \u0160arauskas.<\/p>\n\n\n\n<p>Debatai vyks Kelm\u0117s Jono Grai\u010di\u016bno gimnazijos Akt\u0173 sal\u0117je vasario 3 d. (penktadien\u012f) 16.30 val. Rajono gyventoj\u0173 patogumui debatai bus transliuojami ir portalo \u201eKelmi\u0161kiams.lt\u201c <a href=\"https:\/\/fb.me\/e\/2xrciXfjU\" target=\"_blank\" rel=\"noopener\" title=\"\"><strong><em>Facebook<\/em><\/strong> <\/a>paskyroje.<\/p>\n\n\n\n<p>Klausimus kandidatams \u012f Tarybos narius galima pateikti el. pa\u0161tu <a href=\"mailto:info@kelmiskiams.lt\">info@kelmiskiams.lt<\/a> iki vasario 2 d. 12 val. (\u201eKelmi\u0161kiams.lt\u201c ne\u012fsipareigoja kandidatams u\u017eduoti J\u016bs\u0173 pateikto klausimo).<\/p>\n\n\n\n<div data-project=\"aa46c553-a966-4815-b365-4a134cccb3c9\" data-locale=\"lt\" class=\"mkdf-snippet\"><\/div>\n<script src=\"https:\/\/payment.maksekeskus.ee\/static\/js\/donation\/donation.js\"><\/script>\n\n\n\n<p>Pasak \u201eKelmi\u0161kiams.lt\u201c redaktoriaus, vasario m\u0117nes\u012f taip pat vyks kandidat\u0173 \u012f merus debatai. Debat\u0173 metu septyni rajono vadovu panor\u0119 b\u016bti politikai diskutuos savo rinkimini\u0173 program\u0173 pagrindu.<\/p>\n\n\n\n<p>\u2013 Mer\u0173 debatai vyks tik nuotoliniu b\u016bdu. J\u0173 metu i\u0161 kandidat\u0173 \u012f merus sieksime i\u0161siai\u0161kinti, kokius \u012fsipareigojimus yra pasireng\u0119 prisiimti rajono politikai, \u2013 teigia N. \u0160arauskas.<\/p>\n\n\n\n<p>\u201eKelmi\u0161kiams.lt\u201c taip pat ruo\u0161iasi tiesioginei rinkim\u0173 vakaro transliacijai, kuri numatyta kovo 5 d. vakar\u0105. Jos metu vyks rinkim\u0173 kampanijos ap\u017evalga, pirmini\u0173 rezultat\u0173 aptarimas. Transliacijoje dalyvaus verslo, \u017einiasklaidos, visuomen\u0117s atstovai, vyks tiesiogin\u0117 transliacija i\u0161 rinkim\u0173 rezultat\u0173 laukian\u010di\u0173 partij\u0173 b\u016bstini\u0173.<\/p>\n\n\n\n<p class=\"has-text-align-right\">\u201eKelmi\u0161kiams.lt\u201c inf., Asociatyvi canva.com nuotr.<\/p>\n","protected":false},"excerpt":{"rendered":"<p>Kovo 5 d. vyks Savivaldybi\u0173 taryb\u0173 ir mer\u0173 rinkimai, kuriuose mums visiems reik\u0117s priimti svarb\u0173 sprendim\u0105 \u2013 kam patik\u0117sime rajono<\/p>\n","protected":false},"author":2,"featured_media":895,"comment_status":"open","ping_status":"open","sticky":false,"template":"","format":"standard","meta":{"om_disable_all_campaigns":false,"_mi_skip_tracking":false},"categories":[19],"tags":[],"aioseo_notices":[],"_links":{"self":[{"href":"https:\/\/kelmiskiams.lt\/index.php?rest_route=\/wp\/v2\/posts\/982"}],"collection":[{"href":"https:\/\/kelmiskiams.lt\/index.php?rest_route=\/wp\/v2\/posts"}],"about":[{"href":"https:\/\/kelmiskiams.lt\/index.php?rest_route=\/wp\/v2\/types\/post"}],"author":[{"embeddable":true,"href":"https:\/\/kelmiskiams.lt\/index.php?rest_route=\/wp\/v2\/users\/2"}],"replies":[{"embeddable":true,"href":"https:\/\/kelmiskiams.lt\/index.php?rest_route=%2Fwp%2Fv2%2Fcomments&post=982"}],"version-history":[{"count":3,"href":"https:\/\/kelmiskiams.lt\/index.php?rest_route=\/wp\/v2\/posts\/982\/revisions"}],"predecessor-version":[{"id":997,"href":"https:\/\/kelmiskiams.lt\/index.php?rest_route=\/wp\/v2\/posts\/982\/revisions\/997"}],"wp:featuredmedia":[{"embeddable":true,"href":"https:\/\/kelmiskiams.lt\/index.php?rest_route=\/wp\/v2\/media\/895"}],"wp:attachment":[{"href":"https:\/\/kelmiskiams.lt\/index.php?rest_route=%2Fwp%2Fv2%2Fmedia&parent=982"}],"wp:term":[{"taxonomy":"category","embeddable":true,"href":"https:\/\/kelmiskiams.lt\/index.php?rest_route=%2Fwp%2Fv2%2Fcategories&post=982"},{"taxonomy":"post_tag","embeddable":true,"href":"https:\/\/kelmiskiams.lt\/index.php?rest_route=%2Fwp%2Fv2%2Ftags&post=982"}],"curies":[{"name":"wp","href":"https:\/\/api.w.org\/{rel}","templated":true}]}}