{"id":94,"date":"2022-10-02T17:34:15","date_gmt":"2022-10-02T17:34:15","guid":{"rendered":"https:\/\/kelmiskiams.lt\/?p=94"},"modified":"2022-10-02T17:34:15","modified_gmt":"2022-10-02T17:34:15","slug":"sildymo-islaidu-kompensaciju-gavejai-registruojasi-is-anksto","status":"publish","type":"post","link":"https:\/\/kelmiskiams.lt\/?p=94","title":{"rendered":"\u0160ildymo i\u0161laid\u0173 kompensacij\u0173 gav\u0117jai registruojasi i\u0161 anksto"},"content":{"rendered":"\n<p>Socialin\u0117s paramos skyrius informuoja, kad d\u0117l  i\u0161augusio gyventoj\u0173, kurie kreipsis d\u0117l \u0161ildymo kompensacijos, skai\u010diaus, b\u016btina i\u0161ankstin\u0117 registracija telefonu. Gyventojai raginami susisiekti su savo seni\u016bnijoje atsakingu specialistu ir sutarti vizito laik\u0105. <\/p>\n\n\n\n<p>Art\u0117jant \u0161ildymo sezonui, asmenys deklarav\u0119 gyvenam\u0105j\u0105 viet\u0105 Kelm\u0117s rajono savivaldyb\u0117je gali kreiptis d\u0117l b\u016bsto \u0161ildymo i\u0161laid\u0173 kompensacij\u0173. \u0160iemet jos bus skiriamos visam \u0161ildymo sezonui, nepriklausomai nuo \u0161ildymo b\u016bdo: tiek centralizuoto, tiek malkomis, anglimis, dujomis ar kitu kuru.<\/p>\n\n\n\n<p><\/p>\n\n\n\n<p><strong>I\u0161ankstin\u0117 registracija d\u0117l b\u016bsto \u0161ildymo i\u0161laid\u0173 kompensacij\u0173 vyksta susisiekus telefonu:<\/strong><\/p>\n\n\n\n<p>Kelm\u0117s miesto gyventojams \u2013 (8&nbsp;427) 69&nbsp;065,<\/p>\n\n\n\n<p>Kelm\u0117s apylinki\u0173 seni\u016bnijos gyventojams \u2013 (8&nbsp;427) 52&nbsp;598,<\/p>\n\n\n\n<p>Kra\u017ei\u0173 seni\u016bnijos gyventojams \u2013 (8&nbsp;427) 60&nbsp;012,<\/p>\n\n\n\n<p>Kuke\u010di\u0173 seni\u016bnijos gyventojams \u2013 (8&nbsp;427) 61&nbsp;066,<\/p>\n\n\n\n<p>Lioli\u0173 seni\u016bnijos gyventojams \u2013 (8&nbsp;427) 44&nbsp;125,<\/p>\n\n\n\n<p>Pakra\u017ean\u010dio seni\u016bnijos gyventojams \u2013 (8&nbsp;427) 44&nbsp;535,<\/p>\n\n\n\n<p>Tytuv\u0117n\u0173 seni\u016bnijos gyventojams \u2013 (8&nbsp;427) 59&nbsp;006,<\/p>\n\n\n\n<p>Tytuv\u0117n\u0173 apylinki\u0173 seni\u016bnijos gyventojams \u2013 (8&nbsp;427) 56&nbsp;251,<\/p>\n\n\n\n<p>\u0160auk\u0117n\u0173 seni\u016bnijos gyventojams \u2013 (8&nbsp;427) 55&nbsp;403,<\/p>\n\n\n\n<p>Vaiguvos seni\u016bnijos gyventojams \u2013 (8&nbsp;427) 48&nbsp;133,<\/p>\n\n\n\n<p>U\u017even\u010dio seni\u016bnijos gyventojams \u2013 (8&nbsp;427) 60&nbsp;110.<\/p>\n\n\n\n<p class=\"has-text-align-right\">Parengta pagal <em>Socialin\u0117s paramos skyriaus informacij\u0105<\/em><\/p>\n","protected":false},"excerpt":{"rendered":"<p>Socialin\u0117s paramos skyrius informuoja, kad d\u0117l i\u0161augusio gyventoj\u0173, kurie kreipsis d\u0117l \u0161ildymo kompensacijos, skai\u010diaus, b\u016btina i\u0161ankstin\u0117 registracija telefonu. Gyventojai raginami<\/p>\n","protected":false},"author":2,"featured_media":96,"comment_status":"open","ping_status":"open","sticky":false,"template":"","format":"standard","meta":{"om_disable_all_campaigns":false,"_mi_skip_tracking":false},"categories":[4],"tags":[],"aioseo_notices":[],"_links":{"self":[{"href":"https:\/\/kelmiskiams.lt\/index.php?rest_route=\/wp\/v2\/posts\/94"}],"collection":[{"href":"https:\/\/kelmiskiams.lt\/index.php?rest_route=\/wp\/v2\/posts"}],"about":[{"href":"https:\/\/kelmiskiams.lt\/index.php?rest_route=\/wp\/v2\/types\/post"}],"author":[{"embeddable":true,"href":"https:\/\/kelmiskiams.lt\/index.php?rest_route=\/wp\/v2\/users\/2"}],"replies":[{"embeddable":true,"href":"https:\/\/kelmiskiams.lt\/index.php?rest_route=%2Fwp%2Fv2%2Fcomments&post=94"}],"version-history":[{"count":3,"href":"https:\/\/kelmiskiams.lt\/index.php?rest_route=\/wp\/v2\/posts\/94\/revisions"}],"predecessor-version":[{"id":99,"href":"https:\/\/kelmiskiams.lt\/index.php?rest_route=\/wp\/v2\/posts\/94\/revisions\/99"}],"wp:featuredmedia":[{"embeddable":true,"href":"https:\/\/kelmiskiams.lt\/index.php?rest_route=\/wp\/v2\/media\/96"}],"wp:attachment":[{"href":"https:\/\/kelmiskiams.lt\/index.php?rest_route=%2Fwp%2Fv2%2Fmedia&parent=94"}],"wp:term":[{"taxonomy":"category","embeddable":true,"href":"https:\/\/kelmiskiams.lt\/index.php?rest_route=%2Fwp%2Fv2%2Fcategories&post=94"},{"taxonomy":"post_tag","embeddable":true,"href":"https:\/\/kelmiskiams.lt\/index.php?rest_route=%2Fwp%2Fv2%2Ftags&post=94"}],"curies":[{"name":"wp","href":"https:\/\/api.w.org\/{rel}","templated":true}]}}