{"id":894,"date":"2023-01-18T17:58:30","date_gmt":"2023-01-18T17:58:30","guid":{"rendered":"https:\/\/kelmiskiams.lt\/?p=894"},"modified":"2023-01-18T18:39:59","modified_gmt":"2023-01-18T18:39:59","slug":"dvi-partijos-neteko-sesiu-kandidatu","status":"publish","type":"post","link":"https:\/\/kelmiskiams.lt\/?p=894","title":{"rendered":"Dvi partijos neteko \u0161e\u0161i\u0173 kandidat\u0173"},"content":{"rendered":"\n<p>Vyriausioji rinkim\u0173 komisija \u201eapkarp\u0117\u201c ir Kelm\u0117s rajono politik\u0173 s\u0105ra\u0161us Savivaldybi\u0173 taryb\u0173 ir mer\u0173 rinkimuose. Pasak Kelm\u0117s rinkim\u0173 komisijos pirmininko Ar\u016bno Kasparavi\u010diaus, daugiausiai kandidat\u0173 neteko pirm\u0105 kart\u0105 \u012f Kelm\u0117s rajono taryb\u0105 kandidatuojan\u010dio Lietuvos \u017eali\u0173j\u0173 partijos s\u0105ra\u0161as. Vienu kandidatu ma\u017eiau bus  ir partijos \u201eLaisv\u0117 ir teisingumas&#8221; s\u0105ra\u0161e. <\/p>\n\n\n\n<p>\u2013 Nors ir ne itin dideli ar grub\u016bs pa\u017eeidimai, ta\u010diau nebuvo laikytasi reikalavim\u0173. Kandidatai nepateik\u0117 nuotraukos, nepilnai u\u017epild\u0117 biografijas, \u2013 pa\u0161alinimo i\u0161 kandidat\u0173 s\u0105ra\u0161\u0173 prie\u017eastis vardijo Kelm\u0117s rajono rinkim\u0173 komisijos pirmininkas. <\/p>\n\n\n\n<p>Parei\u0161kinius dokumentus buvo pateik\u0119 24  Lietuvos \u017eali\u0173j\u0173 partijos kandidatai, ta\u010diau po i\u0161braukimo rink\u0117j\u0173 valiai beliko 19 Tarybos nariais norin\u010di\u0173 tapti  asmen\u0173. Partijos \u201eLaisv\u0117 ir teisingumas&#8221; s\u0105ra\u0161e rink\u0117jai ras 49 kelmi\u0161kius, kurie siekia Tarybos nario mandato.<\/p>\n\n\n\n<figure class=\"wp-block-image size-large\"><a href=\"https:\/\/fb.me\/e\/2xrciXfjU\"><img decoding=\"async\" loading=\"lazy\" width=\"1024\" height=\"1024\" src=\"https:\/\/kelmiskiams.lt\/wp-content\/uploads\/2023\/01\/Debatu-skydelis-4-1024x1024.png\" alt=\"\" class=\"wp-image-901\" srcset=\"https:\/\/kelmiskiams.lt\/wp-content\/uploads\/2023\/01\/Debatu-skydelis-4-1024x1024.png 1024w, https:\/\/kelmiskiams.lt\/wp-content\/uploads\/2023\/01\/Debatu-skydelis-4-300x300.png 300w, https:\/\/kelmiskiams.lt\/wp-content\/uploads\/2023\/01\/Debatu-skydelis-4-150x150.png 150w, https:\/\/kelmiskiams.lt\/wp-content\/uploads\/2023\/01\/Debatu-skydelis-4-768x768.png 768w, https:\/\/kelmiskiams.lt\/wp-content\/uploads\/2023\/01\/Debatu-skydelis-4.png 1080w\" sizes=\"(max-width: 1024px) 100vw, 1024px\" \/><\/a><\/figure>\n","protected":false},"excerpt":{"rendered":"<p>Vyriausioji rinkim\u0173 komisija \u201eapkarp\u0117\u201c ir Kelm\u0117s rajono politik\u0173 s\u0105ra\u0161us Savivaldybi\u0173 taryb\u0173 ir mer\u0173 rinkimuose. Pasak Kelm\u0117s rinkim\u0173 komisijos pirmininko Ar\u016bno<\/p>\n","protected":false},"author":2,"featured_media":515,"comment_status":"open","ping_status":"open","sticky":false,"template":"","format":"standard","meta":{"om_disable_all_campaigns":false,"_mi_skip_tracking":false},"categories":[19],"tags":[],"aioseo_notices":[],"_links":{"self":[{"href":"https:\/\/kelmiskiams.lt\/index.php?rest_route=\/wp\/v2\/posts\/894"}],"collection":[{"href":"https:\/\/kelmiskiams.lt\/index.php?rest_route=\/wp\/v2\/posts"}],"about":[{"href":"https:\/\/kelmiskiams.lt\/index.php?rest_route=\/wp\/v2\/types\/post"}],"author":[{"embeddable":true,"href":"https:\/\/kelmiskiams.lt\/index.php?rest_route=\/wp\/v2\/users\/2"}],"replies":[{"embeddable":true,"href":"https:\/\/kelmiskiams.lt\/index.php?rest_route=%2Fwp%2Fv2%2Fcomments&post=894"}],"version-history":[{"count":4,"href":"https:\/\/kelmiskiams.lt\/index.php?rest_route=\/wp\/v2\/posts\/894\/revisions"}],"predecessor-version":[{"id":903,"href":"https:\/\/kelmiskiams.lt\/index.php?rest_route=\/wp\/v2\/posts\/894\/revisions\/903"}],"wp:featuredmedia":[{"embeddable":true,"href":"https:\/\/kelmiskiams.lt\/index.php?rest_route=\/wp\/v2\/media\/515"}],"wp:attachment":[{"href":"https:\/\/kelmiskiams.lt\/index.php?rest_route=%2Fwp%2Fv2%2Fmedia&parent=894"}],"wp:term":[{"taxonomy":"category","embeddable":true,"href":"https:\/\/kelmiskiams.lt\/index.php?rest_route=%2Fwp%2Fv2%2Fcategories&post=894"},{"taxonomy":"post_tag","embeddable":true,"href":"https:\/\/kelmiskiams.lt\/index.php?rest_route=%2Fwp%2Fv2%2Ftags&post=894"}],"curies":[{"name":"wp","href":"https:\/\/api.w.org\/{rel}","templated":true}]}}