{"id":813,"date":"2023-01-03T18:21:28","date_gmt":"2023-01-03T18:21:28","guid":{"rendered":"https:\/\/kelmiskiams.lt\/?p=813"},"modified":"2023-01-03T18:21:29","modified_gmt":"2023-01-03T18:21:29","slug":"tarybos-rinkimuose-varzysis-250-kandidatu","status":"publish","type":"post","link":"https:\/\/kelmiskiams.lt\/?p=813","title":{"rendered":"Tarybos rinkimuose var\u017eysis 250 kandidat\u0173"},"content":{"rendered":"\n<p>D\u0117l 25 viet\u0173 Rajono taryboje kovo m\u0117nes\u012f vyksian\u010diuose rinkimuose var\u017eysis pustre\u010dio \u0161imto kandidat\u0173 i\u0161 a\u0161tuoni\u0173 politini\u0173 organizacij\u0173. Tiek asmen\u0173 pateik\u0117 parei\u0161kinius dokumentus iki numatytos datos.<\/p>\n\n\n\n<p>\u2013 250 kandidat\u0173 pateik\u0117 parei\u0161kinius dokumentus, ta\u010diau kandidat\u0173 skai\u010dius gali keistis, nes dar yra galimyb\u0117 parei\u0161kinius dokumentus atsiimti, \u2013 sak\u0117 Kelm\u0117s rajono savivaldyb\u0117s rinkim\u0173 komisijos pirmininkas Ar\u016bnas Kasparavi\u010dius.<\/p>\n\n\n\n<p>Septynios politin\u0117s organizacijos rajone kelia kandidatus \u012f merus: Partija \u201eLaisv\u0117 ir teisingumas\u201c \u2013 Ildefons\u0105 Petkevi\u010di\u0173, Demokrat\u0173 s\u0105junga \u201eVardan Lietuvos\u201c \u2013 Daini\u0173 Popov\u0105, Lietuvos socialdemokrat\u0173 partija \u2013 Stas\u012f Jokubausk\u0105, Lietuvos \u017eali\u0173j\u0173 partija \u2013 Lin\u0105 Samulyt\u0119, Liberal\u0173 s\u0105j\u016bdis \u2013 Evald\u0105 Kmit\u0105, T\u0117vyn\u0117s s\u0105junga-Lietuvos krik\u0161\u010dionys demokratai \u2013 Ast\u0105 Zavadskien\u0119, Lietuvos valstie\u010di\u0173 ir \u017eali\u0173j\u0173 s\u0105junga \u2013 Rit\u0105 Kavaliauskait\u0119.<\/p>\n\n\n\n<p>Pasak Rinkim\u0173 komisijos pirmininko, didesni\u0173 problem\u0173 organizuojant rinkimus nekyla, o \u0161iuo metu partijos aktyviai si\u016blo narius \u012f apylinki\u0173 rinkim\u0173 komisijas.<\/p>\n\n\n\n<p>\u201eKelmi\u0161kiams.lt\u201c primena, kad pagal prie\u0161 metus \u012fsigaliojusias Visuomen\u0117s informavimo \u012fstatymo pataisas, jomis detaliau apibr\u0117\u017eiama, kokie asmenys yra laikomi vie\u0161aisiais asmenimis.<\/p>\n\n\n\n<p>\u2013 Kiekvienas kandidatuojantis rinkimuose, grei\u010diausiai supranta, kad atsisako galimyb\u0117s b\u016bti \u201epaprastu \u017emogumi\u201c. Vie\u0161i asmenys gali b\u016bti kritikuojami visuomen\u0117je, juos gali kritikuoti politiniai oponentai, \u017einiasklaida. Kandidatai turi susitaikyti su tuo, kad j\u0173 veikl\u0105, darb\u0105, aplink\u0105 gali vertinti tiek vald\u017eios \u012fstaigos, tiek privat\u016bs \u017emon\u0117s, \u2013 sako \u201eKelmi\u0161kiams.lt\u201c redaktorius Nerijus \u0160arauskas.<\/p>\n\n\n\n<p>Pasak redaktoriaus, naujas ir neabejotinai daugumos kandidat\u0173 \u012f Tarybos narius ar merus ne\u017einomas dalykas, kad kandidatas rinkimuose irgi tampa vie\u0161u asmeniu, o pagal Visuomen\u0117s informavimo \u012fstatymo pataisas, vie\u0161ojo asmens statusas i\u0161laikomas ir po rinkim\u0173. \u0160is laikotarpis yra lygus vienai kadencijai tos institucijos, \u012f kuri\u0105 asmuo kandidatavo.<\/p>\n\n\n\n<p>Savivaldybi\u0173 taryb\u0173 ir mer\u0173 rinkimai vyks kovo 5 d.<\/p>\n\n\n\n<p class=\"has-text-align-right\">\u201eKelmi\u0161kiams.lt\u201c inf.<\/p>\n","protected":false},"excerpt":{"rendered":"<p>D\u0117l 25 viet\u0173 Rajono taryboje kovo m\u0117nes\u012f vyksian\u010diuose rinkimuose var\u017eysis pustre\u010dio \u0161imto kandidat\u0173 i\u0161 a\u0161tuoni\u0173 politini\u0173 organizacij\u0173. Tiek asmen\u0173 pateik\u0117<\/p>\n","protected":false},"author":2,"featured_media":209,"comment_status":"open","ping_status":"open","sticky":false,"template":"","format":"standard","meta":{"om_disable_all_campaigns":false,"_mi_skip_tracking":false},"categories":[19],"tags":[],"aioseo_notices":[],"_links":{"self":[{"href":"https:\/\/kelmiskiams.lt\/index.php?rest_route=\/wp\/v2\/posts\/813"}],"collection":[{"href":"https:\/\/kelmiskiams.lt\/index.php?rest_route=\/wp\/v2\/posts"}],"about":[{"href":"https:\/\/kelmiskiams.lt\/index.php?rest_route=\/wp\/v2\/types\/post"}],"author":[{"embeddable":true,"href":"https:\/\/kelmiskiams.lt\/index.php?rest_route=\/wp\/v2\/users\/2"}],"replies":[{"embeddable":true,"href":"https:\/\/kelmiskiams.lt\/index.php?rest_route=%2Fwp%2Fv2%2Fcomments&post=813"}],"version-history":[{"count":1,"href":"https:\/\/kelmiskiams.lt\/index.php?rest_route=\/wp\/v2\/posts\/813\/revisions"}],"predecessor-version":[{"id":814,"href":"https:\/\/kelmiskiams.lt\/index.php?rest_route=\/wp\/v2\/posts\/813\/revisions\/814"}],"wp:featuredmedia":[{"embeddable":true,"href":"https:\/\/kelmiskiams.lt\/index.php?rest_route=\/wp\/v2\/media\/209"}],"wp:attachment":[{"href":"https:\/\/kelmiskiams.lt\/index.php?rest_route=%2Fwp%2Fv2%2Fmedia&parent=813"}],"wp:term":[{"taxonomy":"category","embeddable":true,"href":"https:\/\/kelmiskiams.lt\/index.php?rest_route=%2Fwp%2Fv2%2Fcategories&post=813"},{"taxonomy":"post_tag","embeddable":true,"href":"https:\/\/kelmiskiams.lt\/index.php?rest_route=%2Fwp%2Fv2%2Ftags&post=813"}],"curies":[{"name":"wp","href":"https:\/\/api.w.org\/{rel}","templated":true}]}}