{"id":771,"date":"2022-12-31T13:17:01","date_gmt":"2022-12-31T13:17:01","guid":{"rendered":"https:\/\/kelmiskiams.lt\/?p=771"},"modified":"2022-12-31T13:17:01","modified_gmt":"2022-12-31T13:17:01","slug":"rajono-policija-turi-patarimu-naujuju-sutikimui","status":"publish","type":"post","link":"https:\/\/kelmiskiams.lt\/?p=771","title":{"rendered":"Rajono policija turi patarim\u0173 Nauj\u0173j\u0173 sutikimui"},"content":{"rendered":"\n<div class=\"is-vertical is-layout-flex wp-container-1 wp-block-group\">\n<p>\u2013 Art\u0117jant naujiesiems metams, pasigirsta fejerverk\u0173 ir petard\u0173 garsai, o tam, kad gal\u0117tum\u0117te be dideli\u0173 netik\u0117tum\u0173 steb\u0117ti \u0161\u012f spalving\u0105 regin\u012f, policija turi kelet\u0105 patarim\u0173, \u2013 sako Kelm\u0117s rajono policijos komisariato pareig\u016bnai, kurie ateinan\u010diais metais linki prasming\u0173 darb\u0173 ir reik\u0161ming\u0173 pasiekim\u0173.<\/p>\n\n\n\n<p> Naudokite tik policijos licencijas turin\u010diose, oficialiuose prekybos vietose \u012fsigytus pirotechnikos gaminius.<\/p>\n\n\n\n<p> Laikykit\u0117s vis\u0173 b\u016btin\u0173 saugumo reikalavim\u0173 ir instrukcij\u0173, nurodyt\u0173 ant pirotechnikos gamini\u0173 pakuo\u010di\u0173.<\/p>\n\n\n\n<p>Nenaudokite tik gars\u0105 sukelian\u010di\u0173 petard\u0173, jos nesuteikia jokio gra\u017eaus reginio ir j\u0173 naudojimas Lietuvoje yra u\u017edraustas.<\/p>\n\n\n\n<p> Perkant pirotechnikos gaminius i\u0161 nelegali\u0173 pardav\u0117j\u0173, labai rizikuojate savo sveikata ar net gyvybe.<\/p>\n\n\n\n<p>Ir \u0161ventin\u0117mis dienomis i\u0161likime atsakingi ir susikaup\u0119. Pasir\u016bpinkime savo turtu!<\/p>\n\n\n\n<p>I\u0161skub\u0117dami i\u0161 nam\u0173 patikrinkime ar svarb\u016bs mums daiktai pad\u0117ti saugiai, ar u\u017edaryti namo (buto) langai ir u\u017erakintos durys.<\/p>\n\n\n\n<p>Nepalikime daikt\u0173 ma\u0161inoje, u\u017erakinkime j\u0105.<\/p>\n\n\n\n<p>Nepalikime be prie\u017ei\u016bros vaik\u0173; pasir\u016bpinkime senjor\u0173 saugumu.<\/p>\n\n\n\n<p>Vairuokime saugiai, b\u016bkime kantr\u016bs ir toleranti\u0161ki.<\/p>\n\n\n\n<p><\/p>\n\n\n\n<p><\/p>\n<\/div>\n\n\n\n<p>Kelm\u0117s rajono policijos komisariato pareig\u016bnai, atsi\u017evelgdami \u012f gyventoj\u0173 gaut\u0173 prane\u0161im\u0173, registruot\u0173 Policijos registruojam\u0173 \u012fvyki\u0173 registre ir prad\u0117tus ikiteisminius tyrimus bei susitikimuose su bendruomen\u0117mis taip pat vykdytoje gyventoj\u0173 apklausoje i\u0161sakytus pasteb\u0117jimus, vadovaudamiesi Lietuvos policijos generalinio komisaro \u012fsakymu, identifikavo Kelm\u0117s rajono savivaldyb\u0117je vyraujan\u010dias pagrindines problemas, pareng\u0117 Kelm\u0117s rajono policijos komisariato pri\u017ei\u016brimos <a><\/a>teritorijos situacij\u0173 prevencijos priemoni\u0173 \u012fgyvendinimo plan\u0105, kuris bus vykdomas nuo 2023 met\u0173 sausio 1 d. iki einam\u0173j\u0173 met\u0173 pabaigos.<\/p>\n\n\n\n<p>Plane numatytos \u012fvairios prevencin\u0117s priemon\u0117s: vie\u0161i ir nevie\u0161i patruliavimai problemin\u0117se vietose, visuomen\u0117s s\u0105moningumo didinimas \u017einiasklaidoje ir socialiniuose tinkluose, \u0161vie\u010diamoji veikla mokykloje, prevencin\u0117s paskaitos, policijos r\u0117m\u0117j\u0173 ir jaun\u0173j\u0173 policijos r\u0117m\u0117j\u0173 veiklos organizavimas. Nepalankios teis\u0117s pa\u017eeidimams vykdyti aplinkos suk\u016brimas, bendradarbiaujant su Kelm\u0117s rajono savivaldybe ir kitais socialiniais partneriais. Apie plane numatyt\u0173 prevencini\u0173 priemoni\u0173 \u012fgyvendinim\u0105 ir pasiektus rezultatus informuosime 2023 met\u0173 eigoje.<\/p>\n\n\n\n<p class=\"has-text-align-right\">Kelm\u0117s rajono policijos komisariato inf.<\/p>\n","protected":false},"excerpt":{"rendered":"<p>\u2013 Art\u0117jant naujiesiems metams, pasigirsta fejerverk\u0173 ir petard\u0173 garsai, o tam, kad gal\u0117tum\u0117te be dideli\u0173 netik\u0117tum\u0173 steb\u0117ti \u0161\u012f spalving\u0105 regin\u012f,<\/p>\n","protected":false},"author":2,"featured_media":261,"comment_status":"open","ping_status":"open","sticky":false,"template":"","format":"standard","meta":{"om_disable_all_campaigns":false,"_mi_skip_tracking":false},"categories":[4],"tags":[],"aioseo_notices":[],"_links":{"self":[{"href":"https:\/\/kelmiskiams.lt\/index.php?rest_route=\/wp\/v2\/posts\/771"}],"collection":[{"href":"https:\/\/kelmiskiams.lt\/index.php?rest_route=\/wp\/v2\/posts"}],"about":[{"href":"https:\/\/kelmiskiams.lt\/index.php?rest_route=\/wp\/v2\/types\/post"}],"author":[{"embeddable":true,"href":"https:\/\/kelmiskiams.lt\/index.php?rest_route=\/wp\/v2\/users\/2"}],"replies":[{"embeddable":true,"href":"https:\/\/kelmiskiams.lt\/index.php?rest_route=%2Fwp%2Fv2%2Fcomments&post=771"}],"version-history":[{"count":2,"href":"https:\/\/kelmiskiams.lt\/index.php?rest_route=\/wp\/v2\/posts\/771\/revisions"}],"predecessor-version":[{"id":775,"href":"https:\/\/kelmiskiams.lt\/index.php?rest_route=\/wp\/v2\/posts\/771\/revisions\/775"}],"wp:featuredmedia":[{"embeddable":true,"href":"https:\/\/kelmiskiams.lt\/index.php?rest_route=\/wp\/v2\/media\/261"}],"wp:attachment":[{"href":"https:\/\/kelmiskiams.lt\/index.php?rest_route=%2Fwp%2Fv2%2Fmedia&parent=771"}],"wp:term":[{"taxonomy":"category","embeddable":true,"href":"https:\/\/kelmiskiams.lt\/index.php?rest_route=%2Fwp%2Fv2%2Fcategories&post=771"},{"taxonomy":"post_tag","embeddable":true,"href":"https:\/\/kelmiskiams.lt\/index.php?rest_route=%2Fwp%2Fv2%2Ftags&post=771"}],"curies":[{"name":"wp","href":"https:\/\/api.w.org\/{rel}","templated":true}]}}