{"id":768,"date":"2022-12-30T08:37:59","date_gmt":"2022-12-30T08:37:59","guid":{"rendered":"https:\/\/kelmiskiams.lt\/?p=768"},"modified":"2022-12-30T08:37:59","modified_gmt":"2022-12-30T08:37:59","slug":"kelmiskiai-ruosiasi-sutikti-naujuosius-metus","status":"publish","type":"post","link":"https:\/\/kelmiskiams.lt\/?p=768","title":{"rendered":"Kelmi\u0161kiai ruo\u0161iasi sutikti Naujuosius metus"},"content":{"rendered":"\n<p>Jeigu dar neturite plan\u0173 Naujiesiems metams ir ie\u0161kote paskutin\u0117s minut\u0117s pasi\u016blym\u0173, teks paplu\u0161\u0117ti, nes viet\u0173 kur sutikti Naujuosius Kelm\u0117s rajone liko nedaug. Vienos \u012fmon\u0117s Naujame\u010dius vakar\u0117lius at\u0161auk\u0117 d\u0117l menko susidom\u0117jimo j\u0173 pasi\u016blymu, o kai kuriose laisv\u0173 viet\u0173 nebeliko jau gruod\u017eio prad\u017eioje.<\/p>\n\n\n\n<p>Kelm\u0117s \u201eMa\u017eojo dvaro\u201c \u0161eimininkas Albertas Margis \u201eKelmi\u0161kiams.lt\u201c sak\u0117, jog laisv\u0173 viet\u0173 nebeliko vos per kelias savaites, kai apie rengiam\u0105 Nauj\u0173j\u0173 met\u0173 sutikimo vakar\u0117l\u012f buvo paskelbta dar lapkri\u010dio prad\u017eioje.<\/p>\n\n\n\n<p>\u2013 Visos vietos u\u017esakytos vos per kelias savaites. Didelis \u017emoni\u0173 susidom\u0117jimas. \u0160iemet organizuojame \u0161ventin\u012f vakar\u0105 &nbsp;su rengini\u0173 ved\u0117ju ir atlik\u0117ju \u201eEgitis\u201c, bus atrakcij\u0173, staigmen\u0173, dovan\u0173, siurpriz\u0173. M\u016bs\u0173 sve\u010diai gal\u0117s \u012fsiam\u017einti foto veidrodyje, o M2 baras vai\u0161ins egzotiniais kokteiliais, \u2013 apie program\u0105 pasakojo A. Margis.<\/p>\n\n\n\n<p>Kiek kainavo norintiems sutikti Naujuosius metus Kelm\u0117s \u201eMa\u017eajame dvare\u201c, A. Margis neatskleid\u0117.<\/p>\n\n\n\n<p>\u2013 Teb\u016bnie tai komercin\u0117 paslaptis. Juolab kad laisv\u0173 viet\u0173 nebeturime, \u2013 nedaug\u017eod\u017eiavo pa\u0161nekovas.<\/p>\n\n\n\n<p>Kelm\u0117s centre \u012fsik\u016brusio baro \u201eBoombastic\u201c savininkas Mantas Varnelis sve\u010diams taip pat neleis nuobod\u017eiauti ir si\u016blo Naujamet\u0119 program\u0105 steb\u0117ti dideliame ekrane, o po vien\u0105 kiekvieno u\u017esakyto stalelio atstov\u0105 kvies sudalyvauti Naujametiniame biliardo turnyre. \u012e\u0117jimas \u012f bar\u0105 kiekvienam asmeniui kainuos 10 eur\u0173.<\/p>\n\n\n\n<p>\u2013 Kol kas \u201eBoombastic\u201c viet\u0173 dar yra, ta\u010diau savaitgalis art\u0117ja ir visko gali nutikti, kad visi staliukai bus rezervuoti, \u2013 \u201eKelmi\u0161kiams.lt\u201c sak\u0117 M.Varnelis, kuris vidurnakt\u012f susirinkusiems sve\u010diams \u017eada ir \u201eBoombastic\u201c fejerverkus.<\/p>\n\n\n\n<p>Audring\u0105 Nauj\u0173j\u0173 met\u0173 sutikim\u0105 reng\u0119s \u201ePak\u0117vio dvaras\u201c j\u012f at\u0161auk\u0117, nes nesusidar\u0117 reikiamas kiekis norin\u010di\u0173 \u0161v\u0119sti. Kaip buvo skelbiama \u201ePak\u0117vio dvaras\u201c paskyroje socialiniame tinkle <em>Facebook<\/em>, vienam asmeniui b\u016bt\u0173 tek\u0119 mok\u0117ti 90 eur\u0173.<\/p>\n\n\n\n<p>Restorano \u201eKelmyn\u0117\u201c direktor\u0117 Violeta Gargasien\u0117 \u201eKelmi\u0161kiams.lt\u201c sak\u0117 \u0161iemet Nauj\u0173j\u0173 met\u0173 vakar\u0117lio restorane nerengs, nes labai i\u0161augo renginio ka\u0161tai, o tuo pa\u010diu ir kaina klientams.<\/p>\n\n\n\n<p>\u2013 Mok\u0117ti \u017emogui 90 ar daugiau eur\u0173 yra labai brangu, o koncertuoti Nauj\u0173j\u0173 met\u0173 vakar\u0105 kvie\u010diami atlik\u0117jai nori didesni\u0173 honorar\u0173. Be to, pas mus restorane vos 50 viet\u0173, tad nusprend\u0117me \u0161iemet Nauj\u0173j\u0173 met\u0173 \u0161vent\u0117s nerengti, \u2013 pasakojo V. Gargasien\u0117.<\/p>\n\n\n\n<p>U\u017esakytos ir beveik visos rajone esan\u010dios kaimo turizmo sodybos, o dar neu\u017esakyt\u0173 savininkai viliasi, kad iki \u0161e\u0161tadienio vakaro pavyks priimti norin\u010dius artim\u0173j\u0173 ar draug\u0173 rate sutikti Naujuosius metus.<\/p>\n\n\n\n<p class=\"has-text-align-right\">Nerijus \u0160arauskas, \u201eKelmi\u0161kiams.lt\u201c, asociatyvi Pexels.com nuotr.<\/p>\n","protected":false},"excerpt":{"rendered":"<p>Jeigu dar neturite plan\u0173 Naujiesiems metams ir ie\u0161kote paskutin\u0117s minut\u0117s pasi\u016blym\u0173, teks paplu\u0161\u0117ti, nes viet\u0173 kur sutikti Naujuosius Kelm\u0117s rajone<\/p>\n","protected":false},"author":2,"featured_media":769,"comment_status":"open","ping_status":"open","sticky":false,"template":"","format":"standard","meta":{"om_disable_all_campaigns":false,"_mi_skip_tracking":false},"categories":[4],"tags":[],"aioseo_notices":[],"_links":{"self":[{"href":"https:\/\/kelmiskiams.lt\/index.php?rest_route=\/wp\/v2\/posts\/768"}],"collection":[{"href":"https:\/\/kelmiskiams.lt\/index.php?rest_route=\/wp\/v2\/posts"}],"about":[{"href":"https:\/\/kelmiskiams.lt\/index.php?rest_route=\/wp\/v2\/types\/post"}],"author":[{"embeddable":true,"href":"https:\/\/kelmiskiams.lt\/index.php?rest_route=\/wp\/v2\/users\/2"}],"replies":[{"embeddable":true,"href":"https:\/\/kelmiskiams.lt\/index.php?rest_route=%2Fwp%2Fv2%2Fcomments&post=768"}],"version-history":[{"count":1,"href":"https:\/\/kelmiskiams.lt\/index.php?rest_route=\/wp\/v2\/posts\/768\/revisions"}],"predecessor-version":[{"id":770,"href":"https:\/\/kelmiskiams.lt\/index.php?rest_route=\/wp\/v2\/posts\/768\/revisions\/770"}],"wp:featuredmedia":[{"embeddable":true,"href":"https:\/\/kelmiskiams.lt\/index.php?rest_route=\/wp\/v2\/media\/769"}],"wp:attachment":[{"href":"https:\/\/kelmiskiams.lt\/index.php?rest_route=%2Fwp%2Fv2%2Fmedia&parent=768"}],"wp:term":[{"taxonomy":"category","embeddable":true,"href":"https:\/\/kelmiskiams.lt\/index.php?rest_route=%2Fwp%2Fv2%2Fcategories&post=768"},{"taxonomy":"post_tag","embeddable":true,"href":"https:\/\/kelmiskiams.lt\/index.php?rest_route=%2Fwp%2Fv2%2Ftags&post=768"}],"curies":[{"name":"wp","href":"https:\/\/api.w.org\/{rel}","templated":true}]}}