{"id":712,"date":"2022-12-23T09:13:01","date_gmt":"2022-12-23T09:13:01","guid":{"rendered":"https:\/\/kelmiskiams.lt\/?p=712"},"modified":"2022-12-23T17:56:44","modified_gmt":"2022-12-23T17:56:44","slug":"po-kaledu-kvietimas-i-nemokamus-renginius","status":"publish","type":"post","link":"https:\/\/kelmiskiams.lt\/?p=712","title":{"rendered":"Po Kal\u0117d\u0173 \u2013 kvietimas \u012f nemokamus renginius"},"content":{"rendered":"\n<p>Tarpu\u0161ven\u010dio vakarais Kelm\u0117s rajono gyventojams ir sve\u010diams nuobod\u017eiauti nebus kada. Kelm\u0117je, Atgimimo aik\u0161t\u0117je, gruod\u017eio 27-30 dienomis kiekvien\u0105 vakar\u0105 nuo 17 val. per Kelm\u0117s kult\u016bros centro vitrininius langus bus rodomos \u201eGyvosios instaliacijos\u201c, o gruod\u017eio 29 d. vakar\u0105 Kra\u017ei\u0173 M. K. Sarbievijaus kult\u016bros centre vyks \u0161ventinis grup\u0117s \u201eVairas\u201c ir atlik\u0117jos Lauros Remeikien\u0117s koncertas. Visi renginiai \u2013 nemokami.<\/p>\n\n\n<div class=\"wp-block-image\">\n<figure class=\"aligncenter size-large\"><img decoding=\"async\" loading=\"lazy\" width=\"725\" height=\"1024\" src=\"https:\/\/kelmiskiams.lt\/wp-content\/uploads\/2022\/12\/KKC-skelbimas-725x1024.jpg\" alt=\"\" class=\"wp-image-713\" srcset=\"https:\/\/kelmiskiams.lt\/wp-content\/uploads\/2022\/12\/KKC-skelbimas-725x1024.jpg 725w, https:\/\/kelmiskiams.lt\/wp-content\/uploads\/2022\/12\/KKC-skelbimas-212x300.jpg 212w, https:\/\/kelmiskiams.lt\/wp-content\/uploads\/2022\/12\/KKC-skelbimas-768x1085.jpg 768w, https:\/\/kelmiskiams.lt\/wp-content\/uploads\/2022\/12\/KKC-skelbimas-1087x1536.jpg 1087w, https:\/\/kelmiskiams.lt\/wp-content\/uploads\/2022\/12\/KKC-skelbimas.jpg 1449w\" sizes=\"(max-width: 725px) 100vw, 725px\" \/><\/figure><\/div>\n\n<div class=\"wp-block-image\">\n<figure class=\"aligncenter size-large\"><img decoding=\"async\" loading=\"lazy\" width=\"731\" height=\"1024\" src=\"https:\/\/kelmiskiams.lt\/wp-content\/uploads\/2022\/12\/kraziu-KC-731x1024.jpg\" alt=\"\" class=\"wp-image-714\" srcset=\"https:\/\/kelmiskiams.lt\/wp-content\/uploads\/2022\/12\/kraziu-KC-731x1024.jpg 731w, https:\/\/kelmiskiams.lt\/wp-content\/uploads\/2022\/12\/kraziu-KC-214x300.jpg 214w, https:\/\/kelmiskiams.lt\/wp-content\/uploads\/2022\/12\/kraziu-KC-768x1076.jpg 768w, https:\/\/kelmiskiams.lt\/wp-content\/uploads\/2022\/12\/kraziu-KC-1097x1536.jpg 1097w, https:\/\/kelmiskiams.lt\/wp-content\/uploads\/2022\/12\/kraziu-KC.jpg 1462w\" sizes=\"(max-width: 731px) 100vw, 731px\" \/><\/figure><\/div>","protected":false},"excerpt":{"rendered":"<p>Tarpu\u0161ven\u010dio vakarais Kelm\u0117s rajono gyventojams ir sve\u010diams nuobod\u017eiauti nebus kada. Kelm\u0117je, Atgimimo aik\u0161t\u0117je, gruod\u017eio 27-30 dienomis kiekvien\u0105 vakar\u0105 nuo 17<\/p>\n","protected":false},"author":2,"featured_media":612,"comment_status":"open","ping_status":"open","sticky":false,"template":"","format":"standard","meta":{"om_disable_all_campaigns":false,"_mi_skip_tracking":false},"categories":[4],"tags":[],"aioseo_notices":[],"_links":{"self":[{"href":"https:\/\/kelmiskiams.lt\/index.php?rest_route=\/wp\/v2\/posts\/712"}],"collection":[{"href":"https:\/\/kelmiskiams.lt\/index.php?rest_route=\/wp\/v2\/posts"}],"about":[{"href":"https:\/\/kelmiskiams.lt\/index.php?rest_route=\/wp\/v2\/types\/post"}],"author":[{"embeddable":true,"href":"https:\/\/kelmiskiams.lt\/index.php?rest_route=\/wp\/v2\/users\/2"}],"replies":[{"embeddable":true,"href":"https:\/\/kelmiskiams.lt\/index.php?rest_route=%2Fwp%2Fv2%2Fcomments&post=712"}],"version-history":[{"count":3,"href":"https:\/\/kelmiskiams.lt\/index.php?rest_route=\/wp\/v2\/posts\/712\/revisions"}],"predecessor-version":[{"id":722,"href":"https:\/\/kelmiskiams.lt\/index.php?rest_route=\/wp\/v2\/posts\/712\/revisions\/722"}],"wp:featuredmedia":[{"embeddable":true,"href":"https:\/\/kelmiskiams.lt\/index.php?rest_route=\/wp\/v2\/media\/612"}],"wp:attachment":[{"href":"https:\/\/kelmiskiams.lt\/index.php?rest_route=%2Fwp%2Fv2%2Fmedia&parent=712"}],"wp:term":[{"taxonomy":"category","embeddable":true,"href":"https:\/\/kelmiskiams.lt\/index.php?rest_route=%2Fwp%2Fv2%2Fcategories&post=712"},{"taxonomy":"post_tag","embeddable":true,"href":"https:\/\/kelmiskiams.lt\/index.php?rest_route=%2Fwp%2Fv2%2Ftags&post=712"}],"curies":[{"name":"wp","href":"https:\/\/api.w.org\/{rel}","templated":true}]}}