{"id":684,"date":"2022-12-21T05:27:00","date_gmt":"2022-12-21T05:27:00","guid":{"rendered":"https:\/\/kelmiskiams.lt\/?p=684"},"modified":"2022-12-20T19:23:57","modified_gmt":"2022-12-20T19:23:57","slug":"dabartinis-meras-i-rinkimus-ves-pussimcio-kandidatu-sarasa","status":"publish","type":"post","link":"https:\/\/kelmiskiams.lt\/?p=684","title":{"rendered":"Dabartinis meras \u012f rinkimus ves pus\u0161im\u010dio kandidat\u0173 s\u0105ra\u0161\u0105"},"content":{"rendered":"\n<p class=\"has-text-align-left\">I\u0161 keli\u0173 politini\u0173 darini\u0173 suformuotame partijos \u201eLaisv\u0117 ir teisingumas\u201c kandidat\u0173 s\u0105ra\u0161e savivaldybi\u0173 rinkimuose Kelm\u0117s rajone \u2013 pus\u0161imtis kelmi\u0161ki\u0173. S\u0105ra\u0161\u0105 \u012f rinkimus ves dabartinis rajono savivaldyb\u0117s meras I. Petkevi\u010dius, 2020-aisiais metais i\u0161ankstiniuose rinkimuose dalyvav\u0119s kaip nepriklausomas kandidatas. \u0160iemet Ildefonsas Petkevi\u010dius mero posto sieks jau kaip partijos \u201eLaisv\u0117 ir teisingumas\u201c kandidatas.<\/p>\n\n\n\n<p class=\"has-text-align-left\"><br>Pasak partijos skyriaus pirmininko K\u0119stu\u010dio Biliaus, sudaryti tok\u012f s\u0105ra\u0161\u0105 n\u0117ra lengva, ta\u010diau ilgametis Kelm\u0117s kra\u0161to politikas tikisi, kad visi 50 kandidat\u0173 bus pateikti rink\u0117j\u0173 pasirinkimui.<br>\u2013 Visada nelengva suformuoti s\u0105ra\u0161\u0105, ta\u010diau jame \u2013 daug \u012fvairi\u0173, jaun\u0173, motyvuot\u0173 \u017emoni\u0173. Tikim\u0117s, kad viskas pavyks, \u2013 \u201eKelmi\u0161kiams.lt\u201c sak\u0117 K. Bilius.<br>Antrasis s\u0105ra\u0161e \u2013 \u012f dabartin\u0119 Taryb\u0105 su Lietuvos valstie\u010di\u0173 ir \u017eali\u0173j\u0173 s\u0105junga patek\u0119s, o pernai i\u0161 \u0161ios partijos i\u0161\u0117j\u0119s ir Sauliaus Skvernelio \u012fkurtos partijos skyri\u0173 nor\u0117j\u0119s steigti Vytautas Barkauskas.<\/p>\n\n\n\n<p class=\"has-text-align-left\">Tre\u010diuoju numeriu kandidat\u0173 s\u0105ra\u0161e \u2013 ilgametis Lietuvos laisv\u0117s s\u0105jungos (liberal\u0173) partijos, kurios pagrindu ir sukurta partija \u201eLaisv\u0117 ir teisingumas\u201c, Kelm\u0117s skyriaus vadovas K\u0119stutis Bilius. Be pastarojo kandidato ateinan\u010diuose rinkimuose dalyvaus ir daugiau buvusi\u0173 liberal\u0173: pedagogai Svaj\u016bnas Rasickas ir Lina Vai\u010diulien\u0117, vaistin\u0117s darbuotoja Daiva Palubinskien\u0117, \u0160vietimo pagalbos tarnybos direktoriaus pavaduotoja Diana Razminien\u0117. Pastarosios \u017eentas s\u0117km\u0119 rinkimuose bandys rajono socialdemokrat\u0173 s\u0105ra\u0161e. Tarpe gausaus b\u016brio \u201eLaisv\u0117 ir teisingumas\u201c kandidat\u0173 \u0161\u012f kart\u0105 laim\u0119 rinkimuose i\u0161bandys nebe \u201evalstie\u010di\u0173\u201c s\u0105ra\u0161e b\u016bsiantys Verpenos seni\u016bnaitis Mindaugas Skrodenis ir \u016bkininkas Tomas \u0160teimantas. \u0160iuose rinkimuose taip pat dalyvaus UAB \u201eEtovis\u201c vadovas Tomas Adomaitis, kuris 2007 met\u0173 rinkimuose nes\u0117kmingai kandidatavo su Liberal\u0173 s\u0105j\u016bd\u017eiu.<br><\/p>\n\n\n\n<p class=\"has-text-align-left\">Gaus\u0173 b\u016br\u012f kandidat\u0173 \u012f s\u0105ra\u0161\u0105 pateik\u0117 \u0161\u012f kart\u0105 4-\u0105j\u0105 viet\u0105 s\u0105ra\u0161e gav\u0119s ir pra\u0117jusiais rinkimais su komitetu \u012f Taryb\u0105 patek\u0119s Albertas Brazas. \u0160io politiko bendra\u017eygiai: dabartin\u0117 administracijos direktoriaus pavaduotoja Danut\u0117 Laivien\u0117, mi\u0161kininkas Egidijus \u017delvys, tytuv\u0117ni\u0161kis verslininkas Vigantas Astrauskis, U\u017eimtumo tarnyboje dirbanti Inga \u017dimkien\u0117, atsargos pensininku prisistatantis Giedrius Jan\u010dauskas.<br><\/p>\n\n\n\n<p class=\"has-text-align-left\">S\u0105ra\u0161o penketuk\u0105 u\u017ebaigia K. Biliaus de\u0161ini\u0105ja ranka laikomas Vidimantas Parnarauskas. Tarpe penkiasde\u0161imties galim\u0173 kandidat\u0173 \u012f rajono Taryb\u0105 partijos \u201eLaisv\u0117 ir teisingumas\u201c s\u0105ra\u0161e rink\u0117jai ras ir iki \u0161iol politikoje nedalyvavusi\u0173 asmen\u0173: A. Brazo pos\u016bn\u012f Artem Veselov, \u016bkinink\u0105 Edgar\u0105 Piniausk\u0105, Jaunimo reikal\u0173 tarybos pirminink\u0105 Tad\u0105 Kaspar\u0105, kurio motina rajono rinkim\u0173 komisijoje atstovauja Lietuvos lenk\u0173 rinkim\u0173 akcijai \u2013 krik\u0161\u010dioni\u0161k\u0173 \u0161eim\u0173 s\u0105jungai. T. Kasparui politiniai kompanionai \u017eada auk\u0161t\u0105 viet\u0105 s\u0105ra\u0161e.<\/p>\n\n\n\n<p class=\"has-text-align-right\">Nerijus \u0160arauskas, \u201eKelmi\u0161kiams.lt\u201c<\/p>\n","protected":false},"excerpt":{"rendered":"<p>I\u0161 keli\u0173 politini\u0173 darini\u0173 suformuotame partijos \u201eLaisv\u0117 ir teisingumas\u201c kandidat\u0173 s\u0105ra\u0161e savivaldybi\u0173 rinkimuose Kelm\u0117s rajone \u2013 pus\u0161imtis kelmi\u0161ki\u0173. S\u0105ra\u0161\u0105 \u012f<\/p>\n","protected":false},"author":2,"featured_media":515,"comment_status":"open","ping_status":"open","sticky":false,"template":"","format":"standard","meta":{"om_disable_all_campaigns":false,"_mi_skip_tracking":false},"categories":[19],"tags":[],"aioseo_notices":[],"_links":{"self":[{"href":"https:\/\/kelmiskiams.lt\/index.php?rest_route=\/wp\/v2\/posts\/684"}],"collection":[{"href":"https:\/\/kelmiskiams.lt\/index.php?rest_route=\/wp\/v2\/posts"}],"about":[{"href":"https:\/\/kelmiskiams.lt\/index.php?rest_route=\/wp\/v2\/types\/post"}],"author":[{"embeddable":true,"href":"https:\/\/kelmiskiams.lt\/index.php?rest_route=\/wp\/v2\/users\/2"}],"replies":[{"embeddable":true,"href":"https:\/\/kelmiskiams.lt\/index.php?rest_route=%2Fwp%2Fv2%2Fcomments&post=684"}],"version-history":[{"count":5,"href":"https:\/\/kelmiskiams.lt\/index.php?rest_route=\/wp\/v2\/posts\/684\/revisions"}],"predecessor-version":[{"id":691,"href":"https:\/\/kelmiskiams.lt\/index.php?rest_route=\/wp\/v2\/posts\/684\/revisions\/691"}],"wp:featuredmedia":[{"embeddable":true,"href":"https:\/\/kelmiskiams.lt\/index.php?rest_route=\/wp\/v2\/media\/515"}],"wp:attachment":[{"href":"https:\/\/kelmiskiams.lt\/index.php?rest_route=%2Fwp%2Fv2%2Fmedia&parent=684"}],"wp:term":[{"taxonomy":"category","embeddable":true,"href":"https:\/\/kelmiskiams.lt\/index.php?rest_route=%2Fwp%2Fv2%2Fcategories&post=684"},{"taxonomy":"post_tag","embeddable":true,"href":"https:\/\/kelmiskiams.lt\/index.php?rest_route=%2Fwp%2Fv2%2Ftags&post=684"}],"curies":[{"name":"wp","href":"https:\/\/api.w.org\/{rel}","templated":true}]}}