{"id":678,"date":"2022-12-21T11:52:00","date_gmt":"2022-12-21T11:52:00","guid":{"rendered":"https:\/\/kelmiskiams.lt\/?p=678"},"modified":"2022-12-21T19:20:09","modified_gmt":"2022-12-21T19:20:09","slug":"kelmes-didziuju-parduotuviu-darbo-laikas-per-sventes","status":"publish","type":"post","link":"https:\/\/kelmiskiams.lt\/?p=678","title":{"rendered":"Kelm\u0117s did\u017ei\u0173j\u0173 parduotuvi\u0173 darbo laikas per \u0161ventes"},"content":{"rendered":"\n<p>Art\u0117jant did\u017ei\u0173j\u0173 met\u0173 \u0161ven\u010di\u0173 savaitei, \u201eKelmi\u0161kiams.lt\u201c prane\u0161a, kaip dirbs Kelm\u0117s prekybos centrai. <\/p>\n\n\n\n<p>Abu Kelm\u0117s \u201eMaxima\u201c bei \u201eNorfa\u201c prekybos centrai K\u016b\u010di\u0173 dien\u0105 dirbs iki 19 valandos, o \u201eIki\u201c ir \u201eElimart\u201c prekybos centrai Kelm\u0117je pirk\u0117j\u0173 lauks iki 20 val. Kelm\u0117s prekybos parduotuv\u0117 \u201eAib\u0117\u201c pirk\u0117jus K\u016b\u010di\u0173 dien\u0105 priims iki 18 val.<\/p>\n\n\n\n<p>Beveik visos didesn\u0117s Kelm\u0117s miesto parduotuv\u0117s pirmosiomis \u0161v. Kal\u0117d\u0173 ir Nauj\u0173j\u0173 met\u0173 dienomis nedirbs, ta\u010diau gyventojai be b\u016btin\u0173j\u0173 produkt\u0173 neliks, nes \u201eElimart\u201c ir Kelm\u0117s prekybos \u201eAib\u0117\u201c parduotuv\u0117s gruod\u017eio 25-\u0105j\u0105 dirbs, tik trumpesn\u012f laik\u0105. <\/p>\n\n\n\n<p>Antr\u0105j\u0105 Kal\u0117d\u0173 dien\u0105 dauguma prekybos centr\u0173 prad\u0117s dirbti v\u0117liau, ta\u010diau dirbs iki \u012fprasto u\u017edarymo. Gruod\u017eio 26-\u0105j\u0105 u\u017edarytas duris ras tik Kelm\u0117s prekybos parduotuv\u0117s \u201eAib\u0117\u201c pirk\u0117jai.<\/p>\n\n\n\n<p>Paskutin\u0119 \u0161i\u0173 met\u0173 dien\u0105 \u2013 gruod\u017eio 31-\u0105j\u0105 \u2013 trumpiau dirbs dauguma prekybos centr\u0173, o sausio 1-\u0105j\u0105 nedirbs parduotuv\u0117s \u201eNorfa\u201c ir \u201eMaxima\u201c. \u201eIki\u201c ir \u201eElimart\u201c sausio 1-\u0105j\u0105 prad\u0117s dirbti 10 valand\u0105. Kelm\u0117s prekybos parduotuv\u0117s \u201eAib\u0117\u201c darbo laikas pirm\u0105j\u0105 Nauj\u0173 met\u0173 dien\u0105 kol kas nesvarstytas.<\/p>\n\n\n\n<p class=\"has-text-align-right\">\u201eKelmi\u0161kiams.lt\u201c inf. Pexels.com nuotr.<\/p>\n","protected":false},"excerpt":{"rendered":"<p>Art\u0117jant did\u017ei\u0173j\u0173 met\u0173 \u0161ven\u010di\u0173 savaitei, \u201eKelmi\u0161kiams.lt\u201c prane\u0161a, kaip dirbs Kelm\u0117s prekybos centrai. Abu Kelm\u0117s \u201eMaxima\u201c bei \u201eNorfa\u201c prekybos centrai K\u016b\u010di\u0173<\/p>\n","protected":false},"author":2,"featured_media":679,"comment_status":"open","ping_status":"open","sticky":false,"template":"","format":"standard","meta":{"om_disable_all_campaigns":false,"_mi_skip_tracking":false},"categories":[4],"tags":[],"aioseo_notices":[],"_links":{"self":[{"href":"https:\/\/kelmiskiams.lt\/index.php?rest_route=\/wp\/v2\/posts\/678"}],"collection":[{"href":"https:\/\/kelmiskiams.lt\/index.php?rest_route=\/wp\/v2\/posts"}],"about":[{"href":"https:\/\/kelmiskiams.lt\/index.php?rest_route=\/wp\/v2\/types\/post"}],"author":[{"embeddable":true,"href":"https:\/\/kelmiskiams.lt\/index.php?rest_route=\/wp\/v2\/users\/2"}],"replies":[{"embeddable":true,"href":"https:\/\/kelmiskiams.lt\/index.php?rest_route=%2Fwp%2Fv2%2Fcomments&post=678"}],"version-history":[{"count":3,"href":"https:\/\/kelmiskiams.lt\/index.php?rest_route=\/wp\/v2\/posts\/678\/revisions"}],"predecessor-version":[{"id":705,"href":"https:\/\/kelmiskiams.lt\/index.php?rest_route=\/wp\/v2\/posts\/678\/revisions\/705"}],"wp:featuredmedia":[{"embeddable":true,"href":"https:\/\/kelmiskiams.lt\/index.php?rest_route=\/wp\/v2\/media\/679"}],"wp:attachment":[{"href":"https:\/\/kelmiskiams.lt\/index.php?rest_route=%2Fwp%2Fv2%2Fmedia&parent=678"}],"wp:term":[{"taxonomy":"category","embeddable":true,"href":"https:\/\/kelmiskiams.lt\/index.php?rest_route=%2Fwp%2Fv2%2Fcategories&post=678"},{"taxonomy":"post_tag","embeddable":true,"href":"https:\/\/kelmiskiams.lt\/index.php?rest_route=%2Fwp%2Fv2%2Ftags&post=678"}],"curies":[{"name":"wp","href":"https:\/\/api.w.org\/{rel}","templated":true}]}}