{"id":674,"date":"2022-12-20T10:41:56","date_gmt":"2022-12-20T10:41:56","guid":{"rendered":"https:\/\/kelmiskiams.lt\/?p=674"},"modified":"2022-12-20T10:45:02","modified_gmt":"2022-12-20T10:45:02","slug":"sudetingos-oro-salygos-sutrikde-kasdienybe","status":"publish","type":"post","link":"https:\/\/kelmiskiams.lt\/?p=674","title":{"rendered":"Sud\u0117tingos oro s\u0105lygos sutrikd\u0117 kasdienyb\u0119"},"content":{"rendered":"\n<p>Nuotolinis darbas, mokymasis, atid\u0117ti suplanuoti susitikimai ar i\u0161vykos antradien\u012f pasitiko rajono gyventojus d\u0117l ne\u012fprast\u0173 oro s\u0105lyg\u0173. Kelm\u0117s rajone, kaip did\u017eiojoje dalyje Lietuvos, kelius ir \u0161aligatvius padeng\u0117 plikledis. Pasak Kelmi\u0161kiams.lt skaitytoj\u0173, ypa\u010d sud\u0117tingos eismo s\u0105lygos buvo ryte kelyje Kelm\u0117-Tytuv\u0117nai, kur buvo sud\u0117tinga \u012fkilti \u012f <em>Dubyskalniu<\/em> vadinam\u0105 \u012fkaln\u0119. <\/p>\n\n\n\n<p>Kelm\u0117s ligonin\u0117s Skubios pagalbos-pri\u0117mimo skyriuje iki vidurdienio kreip\u0117si vienas pargriuv\u0119s pacientas. Kelmi\u0161kiui nustatytas kaul\u0173 l\u016b\u017eis einant \u0161aligatviu. <\/p>\n\n\n\n<p>Kelm\u0117s miesto seni\u016bnas Romas Atko\u010daitis dideli\u0173 problem\u0173 sako mieste n\u0117ra, pagal turimus resursus ir galimybes yra valoma ir barstoma. <\/p>\n\n\n\n<p>Dalis rajono mokykl\u0173 nesulauk\u0117 mokini\u0173 klas\u0117se. Mokiniai mokosi i\u0161 nam\u0173. <\/p>\n\n\n\n<p>\u2013 \u017dinoma, kad susid\u016br\u0117, beveik visos mokyklos dirba mi\u0161riai, nes dalies mokini\u0173 nepavyko atve\u017eti, \u2013 \u012f klausim\u0105, ar ugdymo \u012fstaigos susid\u016br\u0117 su problemomis d\u0117l oro s\u0105lyg\u0173, atsak\u0117 \u0160vietimo kult\u016bros ir sporto skyriaus ved\u0117ja Justina Zaleckien\u0117.<\/p>\n\n\n\n<p class=\"has-text-align-right\">Kelmi\u0161kiams.lt inf. Portalo skaitytojo nuotr. <\/p>\n\n\n\n<p><\/p>\n\n\n\n<p><\/p>\n","protected":false},"excerpt":{"rendered":"<p>Nuotolinis darbas, mokymasis, atid\u0117ti suplanuoti susitikimai ar i\u0161vykos antradien\u012f pasitiko rajono gyventojus d\u0117l ne\u012fprast\u0173 oro s\u0105lyg\u0173. Kelm\u0117s rajone, kaip did\u017eiojoje<\/p>\n","protected":false},"author":2,"featured_media":675,"comment_status":"open","ping_status":"open","sticky":false,"template":"","format":"standard","meta":{"om_disable_all_campaigns":false,"_mi_skip_tracking":false},"categories":[4],"tags":[],"aioseo_notices":[],"_links":{"self":[{"href":"https:\/\/kelmiskiams.lt\/index.php?rest_route=\/wp\/v2\/posts\/674"}],"collection":[{"href":"https:\/\/kelmiskiams.lt\/index.php?rest_route=\/wp\/v2\/posts"}],"about":[{"href":"https:\/\/kelmiskiams.lt\/index.php?rest_route=\/wp\/v2\/types\/post"}],"author":[{"embeddable":true,"href":"https:\/\/kelmiskiams.lt\/index.php?rest_route=\/wp\/v2\/users\/2"}],"replies":[{"embeddable":true,"href":"https:\/\/kelmiskiams.lt\/index.php?rest_route=%2Fwp%2Fv2%2Fcomments&post=674"}],"version-history":[{"count":2,"href":"https:\/\/kelmiskiams.lt\/index.php?rest_route=\/wp\/v2\/posts\/674\/revisions"}],"predecessor-version":[{"id":677,"href":"https:\/\/kelmiskiams.lt\/index.php?rest_route=\/wp\/v2\/posts\/674\/revisions\/677"}],"wp:featuredmedia":[{"embeddable":true,"href":"https:\/\/kelmiskiams.lt\/index.php?rest_route=\/wp\/v2\/media\/675"}],"wp:attachment":[{"href":"https:\/\/kelmiskiams.lt\/index.php?rest_route=%2Fwp%2Fv2%2Fmedia&parent=674"}],"wp:term":[{"taxonomy":"category","embeddable":true,"href":"https:\/\/kelmiskiams.lt\/index.php?rest_route=%2Fwp%2Fv2%2Fcategories&post=674"},{"taxonomy":"post_tag","embeddable":true,"href":"https:\/\/kelmiskiams.lt\/index.php?rest_route=%2Fwp%2Fv2%2Ftags&post=674"}],"curies":[{"name":"wp","href":"https:\/\/api.w.org\/{rel}","templated":true}]}}