{"id":647,"date":"2022-12-15T14:08:13","date_gmt":"2022-12-15T14:08:13","guid":{"rendered":"https:\/\/kelmiskiams.lt\/?p=647"},"modified":"2022-12-15T14:08:13","modified_gmt":"2022-12-15T14:08:13","slug":"socialiniai-darbuotojai-seniunijose-tapo-pokyciu-ikaitais","status":"publish","type":"post","link":"https:\/\/kelmiskiams.lt\/?p=647","title":{"rendered":"Socialiniai darbuotojai seni\u016bnijose tapo poky\u010di\u0173 \u012fkaitais"},"content":{"rendered":"\n<p>Nuo sausio m\u0117nesio seni\u016bnijose nebeliks specialist\u0173 socialiniam darbui. Tok\u012f teis\u0117s akt\u0173 pasikeitim\u0105 kai kurie socialin\u012f darb\u0105 iki \u0161iol dirb\u0119 \u017emon\u0117s vadina nesusipratimu ir sako tap\u0119 teis\u0117s akt\u0173 poky\u010di\u0173 \u012fkaitais.<\/p>\n\n\n\n<p>Pasak Kelm\u0117s rajono savivaldyb\u0117s administracijos direktoriaus Stasio Jokubausko, pagal Socialini\u0173 reikal\u0173 ir darbo ministro \u012fsakym\u0105 nuo sausio m\u0117nesio seni\u016bnijose nebelieka socialini\u0173 darbuotoj\u0173, nes tokia pareigyb\u0117 min\u0117tu teis\u0117s aktu yra panaikinama.<\/p>\n\n\n\n<p>\u2013 Visi darbuotojai gavo lapelius apie atleidim\u0105, nes nelieka pareigyb\u0117s. Tokie darbuotojai nebegal\u0117s atlikti socialinio darbo funkcij\u0173, ta\u010diau taps socialiniais darbuotojais savivaldyb\u0117s administracijoje. Niekas j\u0173 i\u0161 darbo neveja. Jiems si\u016blomas kitas darbas, \u2013 ai\u0161kino S. Jokubauskas.<\/p>\n\n\n\n<p>Pagal Socialini\u0173 reikal\u0173 ir darbo ministro \u012fsakym\u0105 socialini\u0173 darbuotoj\u0173 seni\u016bnijose nebelieka, nes pastarieji nebegal\u0117s atlikti socialini\u0173 paslaug\u0173 poreiki\u0173 vertinimo: skirti socialini\u0173 paslaug\u0173 \u012f namus, patalpinimo \u012f globos namus, dienos centr\u0105 ir pan. \u0160ias funkcijas perims Socialini\u0173 paslaug\u0173 centre \u012fdarbintas specialistas.&nbsp; \u0160iuo metu \u0161iai darbo vietai u\u017eimti yra paskelbtas konkursas.<\/p>\n\n\n\n<p>\u2013 Pana\u0161u, kad vieno etato Socialini\u0173 paslaug\u0173 centre gali ir nepakakti. Matysime, kokia bus pad\u0117tis, \u2013 \u201eKelmi\u0161kiams.lt\u201c sak\u0117 S. Jokubauskas.<\/p>\n\n\n\n<p>Socialiniais darbuotojais iki \u0161iol seni\u016bnijose dirbantys \u017emon\u0117s nerimauja, kad po pertvarkos ne tik suma\u017e\u0117s j\u0173 darbo u\u017emokestis, bet ir nereik\u0117s tiek darbuotoj\u0173, nes savivaldyb\u0117s administracija perskirstys darbuotoj\u0173 kr\u016bvius pagal gyventoj\u0173 ir aptarnaujam\u0173 asmen\u0173 skai\u010di\u0173.<\/p>\n\n\n\n<p>\u2013 Visas etat\u0173 skai\u010dius i\u0161liks tas pats, ta\u010diau seni\u016bnijose (administracijos pavaldume) bus 8 etatai, o 2 bus steigiami Socialini\u0173 paslaug\u0173 centre. Visiems \u017emon\u0117ms bus si\u016blomas darbas \u012fvertinus seni\u016bnij\u0173 dyd\u012f, aptarnaujam\u0173 asmen\u0173 skai\u010di\u0173, darbuotoj\u0173 gyvenam\u0105j\u0105 viet\u0105, susisiekimo galimybes. Kol kas neai\u0161ku, kuriose seni\u016bnijose \u0161ie darbuotojai dirbs ne vis\u0105 savait\u0119, nes kai kuriose seni\u016bnijos yra labai ma\u017eas aptarnaujam\u0173 asmen\u0173 skai\u010dius. Matysime po pokalbi\u0173, vertinimo ir skai\u010diavimo. N\u0117ra gerai, kai mieste vienas darbuotojas vidutini\u0161kai per metus aptarnauja 2 t\u016bkstan\u010dius, o kai kuriose seni\u016bnijose vos du-tris \u0161imtus asmen\u0173, \u2013 teig\u0117 administracijos direktorius.<\/p>\n\n\n\n<p>\u201eKelmi\u0161kiams.lt\u201c \u017einiomis, socialiniais darbuotojais seni\u016bnijose iki \u0161iol dirbantys \u017emon\u0117s jau dairosi kito darbo: viena darbuotoja laim\u0117jo konkurs\u0105 Lioli\u0173 socialin\u0117s globos namuose, o dar viena moteris i\u0161eina \u012f pensij\u0105.<\/p>\n\n\n\n<p>\u2013 Mes laikom\u0117s teis\u0117s akt\u0173. \u017dmon\u0117s bijo kiekvieno pasikeitimo ir save laiko poky\u010di\u0173 \u012fkaitais, ta\u010diau tikrai n\u0117ra ko bijoti, \u2013 sak\u0117 S. Jokubauskas.<\/p>\n\n\n\n<p class=\"has-text-align-right\">Nerijus \u0160arauskas, \u201eKelmi\u0161kiams.lt\u201c<\/p>\n","protected":false},"excerpt":{"rendered":"<p>Nuo sausio m\u0117nesio seni\u016bnijose nebeliks specialist\u0173 socialiniam darbui. Tok\u012f teis\u0117s akt\u0173 pasikeitim\u0105 kai kurie socialin\u012f darb\u0105 iki \u0161iol dirb\u0119 \u017emon\u0117s<\/p>\n","protected":false},"author":2,"featured_media":483,"comment_status":"open","ping_status":"open","sticky":false,"template":"","format":"standard","meta":{"om_disable_all_campaigns":false,"_mi_skip_tracking":false},"categories":[4],"tags":[],"aioseo_notices":[],"_links":{"self":[{"href":"https:\/\/kelmiskiams.lt\/index.php?rest_route=\/wp\/v2\/posts\/647"}],"collection":[{"href":"https:\/\/kelmiskiams.lt\/index.php?rest_route=\/wp\/v2\/posts"}],"about":[{"href":"https:\/\/kelmiskiams.lt\/index.php?rest_route=\/wp\/v2\/types\/post"}],"author":[{"embeddable":true,"href":"https:\/\/kelmiskiams.lt\/index.php?rest_route=\/wp\/v2\/users\/2"}],"replies":[{"embeddable":true,"href":"https:\/\/kelmiskiams.lt\/index.php?rest_route=%2Fwp%2Fv2%2Fcomments&post=647"}],"version-history":[{"count":1,"href":"https:\/\/kelmiskiams.lt\/index.php?rest_route=\/wp\/v2\/posts\/647\/revisions"}],"predecessor-version":[{"id":648,"href":"https:\/\/kelmiskiams.lt\/index.php?rest_route=\/wp\/v2\/posts\/647\/revisions\/648"}],"wp:featuredmedia":[{"embeddable":true,"href":"https:\/\/kelmiskiams.lt\/index.php?rest_route=\/wp\/v2\/media\/483"}],"wp:attachment":[{"href":"https:\/\/kelmiskiams.lt\/index.php?rest_route=%2Fwp%2Fv2%2Fmedia&parent=647"}],"wp:term":[{"taxonomy":"category","embeddable":true,"href":"https:\/\/kelmiskiams.lt\/index.php?rest_route=%2Fwp%2Fv2%2Fcategories&post=647"},{"taxonomy":"post_tag","embeddable":true,"href":"https:\/\/kelmiskiams.lt\/index.php?rest_route=%2Fwp%2Fv2%2Ftags&post=647"}],"curies":[{"name":"wp","href":"https:\/\/api.w.org\/{rel}","templated":true}]}}