{"id":589,"date":"2022-12-07T18:07:22","date_gmt":"2022-12-07T18:07:22","guid":{"rendered":"https:\/\/kelmiskiams.lt\/?p=589"},"modified":"2022-12-07T19:04:32","modified_gmt":"2022-12-07T19:04:32","slug":"kokia-garsiuju-kraziu-ateitis","status":"publish","type":"post","link":"https:\/\/kelmiskiams.lt\/?p=589","title":{"rendered":"Kokia garsi\u0173j\u0173 Kra\u017ei\u0173 ateitis?"},"content":{"rendered":"\n<p>\u0160\u012f klausim\u0105 Kra\u017ei\u0173 forume salei u\u017edav\u0117 Karolis \u017dukauskas,&nbsp;Vilniaus miesto savivaldyb\u0117s mero patar\u0117jas, vienas i\u0161 renginio moderatori\u0173.&nbsp; Ta\u010diau toks klausimas diskusijoje ne vienintelis \u2013 j\u0173 per \u0161e\u0161ias valandas b\u016bta labai daug ir \u012fvairi\u0173. Kaip ir atsakym\u0173. Vidmantas Fokas, Kra\u017ei\u0173 miestelio garb\u0117s pilietis, verslininkas, festivalio r\u0117m\u0117jas, kasmet gr\u012f\u017eta \u012f gimtin\u0119 nuveikti, kaip pats sako, \u201ek\u0105 nors gera\u201c. Jo sumanymui rengti forum\u0105 apie Kra\u017ei\u0173 ateit\u012f ir b\u016bti jo r\u0117m\u0117ju pritar\u0117 ir prelegentus sukviet\u0117 Agn\u0117 Zalanskait\u0117, visuomeninink\u0117, film\u0173 prodiuser\u0117, rinkodaros ir komunikacijos profesional\u0117, save vadinanti \u017emogumi, kuris rimtai serga\u2026 kra\u017elige.<\/p>\n\n\n\n<p>\u012e forum\u0105 susirinkusius pirmiausia pasveikino Ildefonsas Petkevi\u010dius, Kelm\u0117s rajono savivaldyb\u0117s meras, sakydamas, kad Kra\u017ei\u0173 istorija yra nuolat gr\u012f\u017etantis procesas ir miestelio praeitis turi pad\u0117ti kurti ateit\u012f. Lina Mikalaj\u016bnait\u0117, Kra\u017ei\u0173 M. K. Sarbievijaus kult\u016bros centro direktor\u0117, centrui vadovaujanti nuo 2008 met\u0173, primin\u0117 svarbiausius kult\u016bros centro &nbsp;projektus, kurie i\u0161garsino miestel\u012f po vis\u0105 Lietuv\u0105 ir u\u017e jos rib\u0173. Diskusijoms buvo pasirinktos keturios temin\u0117s grup\u0117s: turizmas ir komunikacija, kult\u016bra, religij\u0173 s\u0105veika, vietos potencialas. Pirm\u0105ja tema prelegentus kalbino jau min\u0117tas K. \u017dukauskas, klausdamas, kaip \u201e\u012fd\u0117ti\u201c &nbsp;Kra\u017eius \u012f turist\u0173 ir piligrim\u0173 \u017eem\u0117lapius, kaip sudominti u\u017esienio turistus, kokiais kanalais skleisti informacij\u0105 apie Kra\u017ei\u0173 istorij\u0105, renginius, kaip kurti miestelio identitet\u0105 ir \u012fvaizd\u012f. Prelegentai Lukas Ru\u0161kys, Justas Jaskonis, vizualin\u0117s komunikacijos ekspertai, Arvidas Bendorius, \u0161iaulietis, socialiniuose tinkluose pasivadin\u0119s Gele\u017eine Lape ir feisbuke turintis 200&nbsp;000 sek\u0117j\u0173, komunikacijos specialistai Maksimas Reznikovas, ir Mantvidas \u017dal\u0117nas, kino film\u0173 prodiuseris, kalb\u0117jo, kad \u017emon\u0117s ie\u0161ko patraukli\u0173 mar\u0161rut\u0173, ta\u010diau Kra\u017eiai n\u0117ra tik turizmas, samprotavo apie rezidencijas, \u012f kurias atvykt\u0173 \u012fvair\u016bs menininkai (pavyzd\u017eiui, ra\u0161ytojai), niekada nebuv\u0119 Kra\u017eiuose. Kalb\u0117ta ir apie maitinimo paslaug\u0105, kitus l\u016bkes\u010dius. Kelm\u0117s rajono savivaldyb\u0117s administracijos direktorius Stasys Jokubauskas u\u017esimin\u0117 apie regiono kult\u016bros tinkl\u0173 k\u016brim\u0105. Diskusijos rezium\u0117 buvo pasteb\u0117jimas, kad \u201e\u0116mimo \u012f dang\u0173 projekto nereikia \u2013 tegu Kra\u017ei\u0173 poky\u010diai b\u016bna arti \u017eem\u0117s, \u017emogaus\u201c.<\/p>\n\n\n\n<p>Kult\u016bros grup\u0117s diskusij\u0105 moderavo Virginija Vitkien\u0117, projekto \u201eKaunas \u2013 Europos kult\u016bros sostin\u0117 2022\u201c vadov\u0117, pakvietusi kalb\u0117ti apie Kra\u017ei\u0173 festivalio renginius, rezidencijas, teatro stovykl\u0105, meninink\u0173 plenerus, infrastruk\u016br\u0105, kuri reikalinga auk\u0161to lygio menui. Prisiminti profesional\u016bs renginiai\u00a0 iniciatyvos \u2013 grigali\u0161kojo choralo meistri\u0161kumo kursai\u201e Ad Fontes\u201c, kurie telkdavo giedotojus i\u0161 visos Lietuvos. Be abejo, u\u017esiminta apie rengini\u0173 finansavim\u0105. Prelegentai Jonas Sakalauskas, Lietuvos nacionalinio operos ir baleto teatro vadovas, Justina Juodi\u0161i\u016bt\u0117, Kauno miesto muziejaus inovacij\u0173 vadov\u0117, Ana Ablamonova, operos k\u016br\u0117j\u0173 ir atlik\u0117j\u0173 meistri\u0161kumo kurs\u0173 Kra\u017eiuose organizator\u0117 (Kra\u017eiuose gim\u0117 jos opera \u201eGeros dienos\u201c),\u00a0 Karolina Tomkevi\u010di\u016bt\u0117, JC Decaux komunikacijos vadov\u0117, daugyb\u0117s meno iniciatyv\u0173 kurator\u0117 ir koordinator\u0117, Mindaugas Kavaliauskas, fotografas, ciklo \u201eKra\u017ei\u0173 portretai\u201c autorius, Monika Dirsyt\u0117, performans\u0173 autor\u0117, Lietuvos dail\u0117s akademijos d\u0117stytoja, Robertas Leinartavi\u010dius, aktorius, re\u017eisierius, Anatolijus Chudoba, k\u016brybini\u0173 industrij\u0173 projekt\u0173 vadovas, Saulius Paliukas, dailininkas, d\u0117stytojas, Povilas O\u017eelis, muzikos agent\u016bros 8DW vadovas, Luki\u0161ki\u0173 kal\u0117jimo valdytojas, buvo nuomon\u0117s, kad b\u016btina ie\u0161koti nauj\u0173 kult\u016bros form\u0173, \u201emink\u0161t\u0173j\u0173\u201c projekt\u0173, i\u0161laikyti profesionaliojo meno tradicij\u0105, \u2013 tam reikalinga strategija. Pasid\u017eiaug\u0119 ypatingu kra\u0161tovaizd\u017eiu, istorine miestelio praeitimi, prelegentai reziumavo, kad \u201epili\u0173 bet kur \u017emon\u0117s nestat\u0117. Kra\u017eiai turi kurti nauj\u0105j\u0105 miestelio legend\u0105\u201c.<\/p>\n\n\n\n<p>Religij\u0173 s\u0105veik\u0173 grupei vadovavo Viktorija Urbonait\u0117, komunikacijos specialist\u0117, ra\u0161ytoja. Prisimintas Kra\u017ei\u0173 religinis kontekstas: nuo Kra\u017ei\u0173 prasid\u0117jo \u017demaitijos krik\u0161tas, 1616 metais j\u0117zuitai Kra\u017eiuose \u012fk\u016br\u0117 kolegij\u0105, \u010dia veik\u0117 moter\u0173 benediktini\u0173 vienuolynas, v\u0117liau rokitai. Dabar Kra\u017eiai gars\u0117ja \u0160vento Roko, ligoni\u0173 glob\u0117jo, atlaidais. Prie\u0161 kelet\u0105 met\u0173 netoli Kra\u017ei\u0173, prie Butki\u0161k\u0117s, \u012fsik\u016br\u0117 ir stipriai i\u0161sipl\u0117t\u0117 kri\u0161nait\u0173 &nbsp;(Kri\u0161nos s\u0105mon\u0117s bendrijos atstov\u0173) bendruomen\u0117. Visai \u0161alia Kra\u017ei\u0173 i\u0161 kult\u016bros centro plika akim matosi mil\u017eini\u0161ka 3 metr\u0173 auk\u0161\u010dio Budos stupa. Tai vienintel\u0117 tokia vieta Baltijos \u0161alyse, \u010dia at<a><\/a>vyksta budistai i\u0161 visos Europos ir pasaulio. Simboli\u0161ka, bet kalnas, ant kurio kyla j\u0173 meditacij\u0173 centras, vadinasi Stupkalnis. Kra\u017eiuose, ant Med\u017eiokalnio, kasmet renkasi Lietuvos pagonys ir atlieka savo apeigas. Ta\u010diau kod\u0117l pasirinkti Kra\u017eiai ir kaip neprarasti tapatyb\u0117s, nenutolti nuo savo tik\u0117jimo? \u2013 klaus\u0117 grup\u0117s vadov\u0117. Rimantas Pumputis, \u0160iauli\u0173 vyskupijos katalik\u0173 evangelizacijos centro administracijos vadovas, &nbsp;Lina Urt\u0117, vietos budist\u0173 bendruomen\u0117s atstov\u0117, Viktoras Milikas, kri\u0161nait\u0173 prezidentas, kri\u0161naitai Darius Sruoginis, Ar\u016bnas Katauskas, pagoni\u0173 tradicijas propaguojantis Marijus \u010cekavi\u010dius buvo vieningi teigdami, kad apylink\u0117s traukia ypatingu kra\u0161tovaizd\u017eiu, religini\u0173 bendruomeni\u0173 veikla ateityje pl\u0117sis ir \u012fvair\u0117s (budistai ketina \u012fkurti turizmo centr\u0105, kri\u0161naitai planuoja kurti tvar\u0173j\u012f \u016bk\u012f).<\/p>\n\n\n\n<p>Vietos potencialo grup\u0117s atstovus \u2013 Gaj\u0105 Bartusevi\u010di\u016bt\u0119, nevyriausybini\u0173 organizacij\u0173 asociacijos vadov\u0119, Lin\u0105 Mikalaj\u016bnait\u0119, Rit\u0105 Andrulien\u0119, Kra\u017ei\u0173 \u017dygimanto Liauksmino gimnazijos direktor\u0119, verslinink\u0105 Vidmant\u0105 Fok\u0105, Kra\u017ei\u0173 seni\u016bnijos vyriausi\u0105j\u0105 specialist\u0119 Maryt\u0119 Lencien\u0119, kult\u016bros darbuotojus kalbino Mindaugas Reinikis, vienas i\u0161 projekto \u201eKaunas \u2013 Europos kult\u016bros sostin\u0117 2022\u201c vadov\u0173. Po situacijos apib\u016bdinimo, kad miestelyje ma\u017e\u0117ja jaun\u0173 \u0161eim\u0173, apskritai gyventoj\u0173, kalb\u0117ta apie vietini\u0173 u\u017eimtum\u0105, erdvi\u0173 atnaujinim\u0105, j\u0173 panaudojim\u0105 kult\u016bros reikm\u0117ms (\u0161i\u0105 id\u0117j\u0105 aktyviai \u012fgyvendina Vidmantas Fokas), svarstyta, kaip geriau bendradarbiauti vietoje, kaip prisitraukti socialinius partnerius, \u012ftraukti gyventojus \u012f iniciatyvas.<\/p>\n\n\n\n<p>Reikia kart\u0173 jungties, veiksmo, dr\u0105si\u0173 sprendim\u0173, kurie traukt\u0173 jaunus \u2013 \u0161iuos ir kitus kertinius dalykus, aktualius Kra\u017eiams, vardino sve\u010diai. Aplank\u0119 muziej\u0173, ba\u017eny\u010di\u0105 (kai kurie pirm\u0105, kiti ka\u017ekelint\u0105 kart\u0105) dr\u0105sino veikti, \u017ead\u0117dami pad\u0117ti, konsultuoti. \u201eEnergeti\u0161kai stipri vieta gali tapti meno k\u016br\u0117j\u0173 ir vartotoj\u0173 ma\u017e\u0105ja sostine \u017demaitijoje, kaip praeityje,\u201c \u2013 teig\u0117 ne vienas.<\/p>\n\n\n\n<p class=\"has-text-align-right\">Emilija Kvietkuvien\u0117<\/p>\n\n\n\n<p class=\"has-text-align-right\">Mindaugo Kavaliausko nuotr.<\/p>\n","protected":false},"excerpt":{"rendered":"<p>\u0160\u012f klausim\u0105 Kra\u017ei\u0173 forume salei u\u017edav\u0117 Karolis \u017dukauskas,&nbsp;Vilniaus miesto savivaldyb\u0117s mero patar\u0117jas, vienas i\u0161 renginio moderatori\u0173.&nbsp; Ta\u010diau toks klausimas diskusijoje<\/p>\n","protected":false},"author":2,"featured_media":591,"comment_status":"open","ping_status":"open","sticky":false,"template":"","format":"standard","meta":{"om_disable_all_campaigns":false,"_mi_skip_tracking":false},"categories":[4],"tags":[],"aioseo_notices":[],"_links":{"self":[{"href":"https:\/\/kelmiskiams.lt\/index.php?rest_route=\/wp\/v2\/posts\/589"}],"collection":[{"href":"https:\/\/kelmiskiams.lt\/index.php?rest_route=\/wp\/v2\/posts"}],"about":[{"href":"https:\/\/kelmiskiams.lt\/index.php?rest_route=\/wp\/v2\/types\/post"}],"author":[{"embeddable":true,"href":"https:\/\/kelmiskiams.lt\/index.php?rest_route=\/wp\/v2\/users\/2"}],"replies":[{"embeddable":true,"href":"https:\/\/kelmiskiams.lt\/index.php?rest_route=%2Fwp%2Fv2%2Fcomments&post=589"}],"version-history":[{"count":4,"href":"https:\/\/kelmiskiams.lt\/index.php?rest_route=\/wp\/v2\/posts\/589\/revisions"}],"predecessor-version":[{"id":595,"href":"https:\/\/kelmiskiams.lt\/index.php?rest_route=\/wp\/v2\/posts\/589\/revisions\/595"}],"wp:featuredmedia":[{"embeddable":true,"href":"https:\/\/kelmiskiams.lt\/index.php?rest_route=\/wp\/v2\/media\/591"}],"wp:attachment":[{"href":"https:\/\/kelmiskiams.lt\/index.php?rest_route=%2Fwp%2Fv2%2Fmedia&parent=589"}],"wp:term":[{"taxonomy":"category","embeddable":true,"href":"https:\/\/kelmiskiams.lt\/index.php?rest_route=%2Fwp%2Fv2%2Fcategories&post=589"},{"taxonomy":"post_tag","embeddable":true,"href":"https:\/\/kelmiskiams.lt\/index.php?rest_route=%2Fwp%2Fv2%2Ftags&post=589"}],"curies":[{"name":"wp","href":"https:\/\/api.w.org\/{rel}","templated":true}]}}