{"id":550,"date":"2022-12-06T05:44:06","date_gmt":"2022-12-06T05:44:06","guid":{"rendered":"https:\/\/kelmiskiams.lt\/?p=550"},"modified":"2022-12-06T08:44:37","modified_gmt":"2022-12-06T08:44:37","slug":"avarijoje-zuvo-du-zmones","status":"publish","type":"post","link":"https:\/\/kelmiskiams.lt\/?p=550","title":{"rendered":"Avarijoje \u017euvo du \u017emon\u0117s (papildyta 09:55)"},"content":{"rendered":"\n<p>Ankst\u0173 antradienio ryt\u0105 kelyje Kry\u017ekalnis- Kelm\u0117 \u012fvyko skaudi avarija. Pakra\u017ean\u010dio seni\u016bnijoje, ties Legot\u0117s kaimu, 33 met\u0173 am\u017eiaus vyro vairuojamas mikroautobusas atsitrenk\u0117 \u012f pakel\u0117je stovint\u012f vilkik\u0105.\u00a0Eismo \u012fvykio metu \u017euvo du 30 ir 43 met\u0173 asmenys, dar 3 keleiviai su\u017ealoti, prane\u0161a Policijos departamentas. <\/p>\n\n\n\n<p>Papildyta:<\/p>\n\n\n\n<p>\u201eKelmi\u0161kiams.lt\u201c tyrim\u0105 atliekan\u010dio \u0160iauli\u0173 apskrities VPK Komunikacijos poskyrio vyriausioji specialist\u0117 Gailut\u0117 Smagri\u016bnien\u0117 pasakojo, kad skaudi avarija \u012fvyko toje pa\u010dioje vietoje, kur vakar \u012f griov\u012f \u012fva\u017eiavo vilkikas su \u0161aldytos \u017euvies kroviniu. Kadangi po avarijos krovinio savininkai nepa\u0161alino transporto priemon\u0117s, buvo atsi\u0173stas kitas vilkikas jo saugoti. Ankst\u0173 antradienio ryt\u0105 Kelm\u0117s kryptimi va\u017eiav\u0119s latvi\u0173 mikroautobusas trenk\u0117si \u012f stov\u0117jusi ir krovin\u012f saugojus\u012f vilkik\u0105, o pastarasis \u012f jau vakar \u012f eismo \u012fvyk\u012f patekusi\u0105 transporto priemon\u0119. <\/p>\n\n\n\n<p>Pasak policijos atstov\u0117s, visi nukent\u0117jusieji yra Latvijos pilie\u010diai. <\/p>\n\n\n\n<p><\/p>\n\n\n\n<p>Magistralinis kelias. Asociatyvi nuotr.<\/p>\n","protected":false},"excerpt":{"rendered":"<p>Ankst\u0173 antradienio ryt\u0105 kelyje Kry\u017ekalnis- Kelm\u0117 \u012fvyko skaudi avarija. Pakra\u017ean\u010dio seni\u016bnijoje, ties Legot\u0117s kaimu, 33 met\u0173 am\u017eiaus vyro vairuojamas mikroautobusas<\/p>\n","protected":false},"author":2,"featured_media":407,"comment_status":"open","ping_status":"open","sticky":false,"template":"","format":"standard","meta":{"om_disable_all_campaigns":false,"_mi_skip_tracking":false},"categories":[9],"tags":[],"aioseo_notices":[],"_links":{"self":[{"href":"https:\/\/kelmiskiams.lt\/index.php?rest_route=\/wp\/v2\/posts\/550"}],"collection":[{"href":"https:\/\/kelmiskiams.lt\/index.php?rest_route=\/wp\/v2\/posts"}],"about":[{"href":"https:\/\/kelmiskiams.lt\/index.php?rest_route=\/wp\/v2\/types\/post"}],"author":[{"embeddable":true,"href":"https:\/\/kelmiskiams.lt\/index.php?rest_route=\/wp\/v2\/users\/2"}],"replies":[{"embeddable":true,"href":"https:\/\/kelmiskiams.lt\/index.php?rest_route=%2Fwp%2Fv2%2Fcomments&post=550"}],"version-history":[{"count":4,"href":"https:\/\/kelmiskiams.lt\/index.php?rest_route=\/wp\/v2\/posts\/550\/revisions"}],"predecessor-version":[{"id":559,"href":"https:\/\/kelmiskiams.lt\/index.php?rest_route=\/wp\/v2\/posts\/550\/revisions\/559"}],"wp:featuredmedia":[{"embeddable":true,"href":"https:\/\/kelmiskiams.lt\/index.php?rest_route=\/wp\/v2\/media\/407"}],"wp:attachment":[{"href":"https:\/\/kelmiskiams.lt\/index.php?rest_route=%2Fwp%2Fv2%2Fmedia&parent=550"}],"wp:term":[{"taxonomy":"category","embeddable":true,"href":"https:\/\/kelmiskiams.lt\/index.php?rest_route=%2Fwp%2Fv2%2Fcategories&post=550"},{"taxonomy":"post_tag","embeddable":true,"href":"https:\/\/kelmiskiams.lt\/index.php?rest_route=%2Fwp%2Fv2%2Ftags&post=550"}],"curies":[{"name":"wp","href":"https:\/\/api.w.org\/{rel}","templated":true}]}}