{"id":533,"date":"2022-12-05T10:09:44","date_gmt":"2022-12-05T10:09:44","guid":{"rendered":"https:\/\/kelmiskiams.lt\/?p=533"},"modified":"2022-12-05T11:38:42","modified_gmt":"2022-12-05T11:38:42","slug":"iskilminga-rasytiniu-pasizadejimu-davimo-ceremonija","status":"publish","type":"post","link":"https:\/\/kelmiskiams.lt\/?p=533","title":{"rendered":"I\u0161kilminga ra\u0161ytini\u0173 pasi\u017ead\u0117jim\u0173 davimo ceremonija"},"content":{"rendered":"\n<p>Gruod\u017eio 5 d. Lietuvos Respublikos Seime pasi\u017ead\u0117jimus s\u0105\u017einingai ir garbingai eiti savo pareigas dav\u0117 art\u0117jan\u010di\u0173 Savivaldybi\u0173 taryb\u0173 ir mer\u0173 rinkim\u0173 komisij\u0173 pirmininkai. <\/p>\n\n\n\n<p>Seimo III r\u016bm\u0173 Konferencij\u0173 sal\u0117je vyksian\u010dio renginio metu laikytis Konstitucijos ir \u012fstatym\u0173, s\u0105\u017einingai ir garbingai atlikti savo pareigas rinkim\u0173 komisijoje, susilaikyti nuo poelgi\u0173, pa\u017eeid\u017eian\u010di\u0173 \u012fstatymus ir \u017emogaus teises pasi\u017ead\u0117jo 60 savivaldybi\u0173 rinkim\u0173 komisij\u0173 pirminink\u0173. Tarpe j\u0173 \u2013 Kelm\u0117s rajono rinkim\u0173 komisijos pirmininkas Ar\u016bnas Kasparavi\u010dius.  A. Kasparavi\u010dius Rinkim\u0173 komisijos pirmininku buvo per pra\u0117jusius Seimo rinkimus 2020 metais.  <\/p>\n\n\n\n<p><strong>Kelm\u0117s rinkim\u0173 komisijos sud\u0117tis:<\/strong> <\/p>\n\n\n\n<p>Narys LAIMIS BUTKUS, delegavo Teisingumo ministras<br>Nar\u0117 RITA GRI\u0160IEN\u0116, delegavo Lietuvos socialdemokrat\u0173 partija<br>Nar\u0117 ONA KALPOKIEN\u0116, delegavo T\u0117vyn\u0117s s\u0105junga-Lietuvos krik\u0161\u010dionys demokratai<br>Nar\u0117 ASTA KAN\u010cAUSKAIT\u0116, delegavo Tautos ir teisingumo s\u0105junga (centristai, tautininkai)<br>Pirmininkas AR\u016aNAS KASPARAVI\u010cIUS, delegavo Administracijos direktorius<br>Nar\u0117 IRINA KASPARIEN\u0116, delegavo Lietuvos lenk\u0173 rinkim\u0173 akcija-Krik\u0161\u010dioni\u0161k\u0173 \u0161eim\u0173 s\u0105junga<br>Nar\u0117 INGRIDA MARTINAITIEN\u0116, delegavo Lietuvos valstie\u010di\u0173 ir \u017eali\u0173j\u0173 s\u0105junga<br>Nar\u0117 ZITA MONSTAVI\u010cI\u016aT\u0116, delegavo Darbo partija<br>Nar\u0117 AU\u0160RA SILI\u016aN\u0116, delegavo Demokrat\u0173 s\u0105junga \u201eVardan Lietuvos\u201c<br>Narys TOMAS SVALBONAS, delegavo Lietuvos teisinink\u0173 draugija<br>Nar\u0117 NIJOL\u0116 \u0160ALTMERIEN\u0116, delegavo Partija \u201eLaisv\u0117 ir teisingumas\u201c<br>Nar\u0117 VIRGINIJA \u0160\u010cEPANOVIEN\u0116,  delegavo Liberal\u0173 s\u0105j\u016bdis<\/p>\n\n\n\n<p><\/p>\n\n\n\n<p class=\"has-text-align-right\">\u201eStopkadro&#8221; nuotr.<\/p>\n\n\n<div class=\"wp-block-image\">\n<figure class=\"aligncenter size-full\"><img decoding=\"async\" loading=\"lazy\" width=\"521\" height=\"569\" src=\"https:\/\/kelmiskiams.lt\/wp-content\/uploads\/2022\/12\/priesaika2.png\" alt=\"\" class=\"wp-image-535\" srcset=\"https:\/\/kelmiskiams.lt\/wp-content\/uploads\/2022\/12\/priesaika2.png 521w, https:\/\/kelmiskiams.lt\/wp-content\/uploads\/2022\/12\/priesaika2-275x300.png 275w\" sizes=\"(max-width: 521px) 100vw, 521px\" \/><\/figure><\/div>","protected":false},"excerpt":{"rendered":"<p>Gruod\u017eio 5 d. Lietuvos Respublikos Seime pasi\u017ead\u0117jimus s\u0105\u017einingai ir garbingai eiti savo pareigas dav\u0117 art\u0117jan\u010di\u0173 Savivaldybi\u0173 taryb\u0173 ir mer\u0173 rinkim\u0173<\/p>\n","protected":false},"author":2,"featured_media":534,"comment_status":"open","ping_status":"open","sticky":false,"template":"","format":"standard","meta":{"om_disable_all_campaigns":false,"_mi_skip_tracking":false},"categories":[5],"tags":[],"aioseo_notices":[],"_links":{"self":[{"href":"https:\/\/kelmiskiams.lt\/index.php?rest_route=\/wp\/v2\/posts\/533"}],"collection":[{"href":"https:\/\/kelmiskiams.lt\/index.php?rest_route=\/wp\/v2\/posts"}],"about":[{"href":"https:\/\/kelmiskiams.lt\/index.php?rest_route=\/wp\/v2\/types\/post"}],"author":[{"embeddable":true,"href":"https:\/\/kelmiskiams.lt\/index.php?rest_route=\/wp\/v2\/users\/2"}],"replies":[{"embeddable":true,"href":"https:\/\/kelmiskiams.lt\/index.php?rest_route=%2Fwp%2Fv2%2Fcomments&post=533"}],"version-history":[{"count":7,"href":"https:\/\/kelmiskiams.lt\/index.php?rest_route=\/wp\/v2\/posts\/533\/revisions"}],"predecessor-version":[{"id":546,"href":"https:\/\/kelmiskiams.lt\/index.php?rest_route=\/wp\/v2\/posts\/533\/revisions\/546"}],"wp:featuredmedia":[{"embeddable":true,"href":"https:\/\/kelmiskiams.lt\/index.php?rest_route=\/wp\/v2\/media\/534"}],"wp:attachment":[{"href":"https:\/\/kelmiskiams.lt\/index.php?rest_route=%2Fwp%2Fv2%2Fmedia&parent=533"}],"wp:term":[{"taxonomy":"category","embeddable":true,"href":"https:\/\/kelmiskiams.lt\/index.php?rest_route=%2Fwp%2Fv2%2Fcategories&post=533"},{"taxonomy":"post_tag","embeddable":true,"href":"https:\/\/kelmiskiams.lt\/index.php?rest_route=%2Fwp%2Fv2%2Ftags&post=533"}],"curies":[{"name":"wp","href":"https:\/\/api.w.org\/{rel}","templated":true}]}}