{"id":482,"date":"2022-12-01T15:56:46","date_gmt":"2022-12-01T15:56:46","guid":{"rendered":"https:\/\/kelmiskiams.lt\/?p=482"},"modified":"2022-12-01T16:07:28","modified_gmt":"2022-12-01T16:07:28","slug":"naujos-valdzios-galios-ir-atsakomybes","status":"publish","type":"post","link":"https:\/\/kelmiskiams.lt\/?p=482","title":{"rendered":"Naujos vald\u017eios galios ir atsakomyb\u0117s"},"content":{"rendered":"\n<p><\/p>\n\n\n\n<p>Po trij\u0173 m\u0117nesi\u0173 vyksian\u010diuose Savivaldybi\u0173 taryb\u0173 ir mer\u0173 rinkimuose i\u0161rinkt\u0173 politik\u0173 laukia naujov\u0117s: kei\u010diasi Tarybos, &nbsp;mero ir kit\u0173 atsaking\u0173 vald\u017eios atstov\u0173 \u012fgaliojimai ir atsakomyb\u0117s.<\/p>\n\n\n\n<p>Pagal nauj\u0105j\u012f Vietos savivaldos \u012fstatym\u0105, Taryba, kaip ir dabar, priims svarbiausius vietos sprendimus, ta\u010diau ji netur\u0117s savo vadovo, nes meras nebus Tarybos narys. &nbsp;Tiesiogiai rink\u0117j\u0173 i\u0161rinkto mero vadovaujama savivaldyb\u0117s administracija rengs tarybos sprendim\u0173 projektus, o meras \u0161auks Tarybos pos\u0117d\u017eius ir jiems pirmininkaus, sudarys pos\u0117d\u017ei\u0173 &nbsp;darbotvark\u0119, ta\u010diau priimant sprendimus negal\u0117s balsuoti.<\/p>\n\n\n\n<p>\u012estatymu merui suteikiama vadinamoji <em>veto teis\u0117<\/em>, kurios iki \u0161iol savivaldoje nebuvo. Meras gal\u0117s motyvuotai gr\u0105\u017einti Tarybos priimtus sprendimus pakartotinam svarstymui. Taryba d\u0117l to prival\u0117s balsuoti antr\u0105 kart\u0105. Pakartotinai apsvarstytas sprendimas bus laikomas priimtu, jeigu u\u017e j\u012f balsuos daugiau kaip pus\u0117 vis\u0173 Tarybos nari\u0173. &nbsp;Savivaldyb\u0117s tarybai neatsi\u017evelgus \u012f mero motyvus ir atmetus <em>veto<\/em>, meras gal\u0117s kreiptis \u012f Vyriausyb\u0117s atstov\u0105.<\/p>\n\n\n\n<p>Kei\u010diasi ir mero pavaduotoj\u0173\u2013vicemer\u0173 skyrimo tvarka. Iki \u0161iol vicemer\u0173 kandidat\u016bras meras teik\u0117 Tarybai, ta\u010diau nuo kit\u0173 met\u0173 pavasario, skiriant vicemerus, meras tur\u0117s atsiklausti Tarybos. Kartu jam suteikiama teis\u0117 priimti vienasmen\u012f sprendim\u0105 paskirti vicemeru asmen\u012f, kurio skyrimui Taryba nepritar\u0117.<\/p>\n\n\n\n<p>Taryba gali pareik\u0161ti nepasitik\u0117jim\u0105 vicemerais ar administracijos direktoriumi, ta\u010diau ar juos atleisti i\u0161 u\u017eimam\u0173 pareig\u0173, spr\u0119s pats meras.<\/p>\n\n\n\n<p>Meras vienasmeniu sprendimu tur\u0117s teis\u0119 paskirti ir administracijos direktori\u0173. Tam savivaldyb\u0117s Tarybos pritarimo nereik\u0117s. Taip pat nebeliks administracijos direktoriaus pavaduotoj\u0173 pareigybi\u0173.<\/p>\n\n\n\n<p>Merui negalint eiti pareig\u0173 trump\u0105 laikotarp\u012f, j\u012f pavaduos administracijos direktorius, bet merui pareig\u0173 neinant ilgesn\u012f laikotarp\u012f, Taryba savo sprendimu mero pareigas laikinai eiti paskirs Tarybos nar\u012f. Pavaduoti Tarybos veikloje (rengti pos\u0117d\u017eius, jiems pirmininkauti) gal\u0117s tik paskirtas Tarybos narys.<\/p>\n\n\n\n<p>Kit\u0105met pavasar\u012f i\u0161rinktos Tarybos opozicijai taip pat bus suteikta daugiau teisi\u0173 \u2013 atsiras galimyb\u0117 i\u0161sirinkti opozicijos lyder\u012f. J\u012f i\u0161sirinkti gal\u0117s ne ma\u017eiau kaip pus\u0117 tarybos nari\u0173, priklausan\u010di\u0173 opozicijai.<\/p>\n\n\n\n<p>Opozicija taip pat ne re\u010diau kaip kart\u0105 per pusmet\u012f gal\u0117s sudaryti vieno i\u0161 Tarybos pos\u0117d\u017eio darbotvark\u0117s pus\u0119 klausim\u0173.<\/p>\n\n\n\n<p>Merui bus pavesta parengti savivaldyb\u0117s biud\u017eet\u0105, jis bus atsakingas ir u\u017e jo vykdym\u0105.<\/p>\n\n\n\n<p>Meras tur\u0117s teis\u0119 b\u016bti perrenkamas ne daugiau kaip 3 kadencijoms (iki 2023 m. savivaldos rinkim\u0173 buvusios mer\u0173 kadencijos nebus skai\u010diuojamos).<\/p>\n\n\n\n<p>Nauji Savivaldybi\u0173 taryb\u0173 ir mer\u0173 rinkimai vyks kovo 5 d.<\/p>\n\n\n\n<p class=\"has-text-align-right\">Nerijus \u0160arauskas, \u201eKelmi\u0161kiams.lt\u201c<\/p>\n","protected":false},"excerpt":{"rendered":"<p>Po trij\u0173 m\u0117nesi\u0173 vyksian\u010diuose Savivaldybi\u0173 taryb\u0173 ir mer\u0173 rinkimuose i\u0161rinkt\u0173 politik\u0173 laukia naujov\u0117s: kei\u010diasi Tarybos, &nbsp;mero ir kit\u0173 atsaking\u0173 vald\u017eios<\/p>\n","protected":false},"author":2,"featured_media":483,"comment_status":"open","ping_status":"open","sticky":false,"template":"","format":"standard","meta":{"om_disable_all_campaigns":false,"_mi_skip_tracking":false},"categories":[4],"tags":[],"aioseo_notices":[],"_links":{"self":[{"href":"https:\/\/kelmiskiams.lt\/index.php?rest_route=\/wp\/v2\/posts\/482"}],"collection":[{"href":"https:\/\/kelmiskiams.lt\/index.php?rest_route=\/wp\/v2\/posts"}],"about":[{"href":"https:\/\/kelmiskiams.lt\/index.php?rest_route=\/wp\/v2\/types\/post"}],"author":[{"embeddable":true,"href":"https:\/\/kelmiskiams.lt\/index.php?rest_route=\/wp\/v2\/users\/2"}],"replies":[{"embeddable":true,"href":"https:\/\/kelmiskiams.lt\/index.php?rest_route=%2Fwp%2Fv2%2Fcomments&post=482"}],"version-history":[{"count":2,"href":"https:\/\/kelmiskiams.lt\/index.php?rest_route=\/wp\/v2\/posts\/482\/revisions"}],"predecessor-version":[{"id":486,"href":"https:\/\/kelmiskiams.lt\/index.php?rest_route=\/wp\/v2\/posts\/482\/revisions\/486"}],"wp:featuredmedia":[{"embeddable":true,"href":"https:\/\/kelmiskiams.lt\/index.php?rest_route=\/wp\/v2\/media\/483"}],"wp:attachment":[{"href":"https:\/\/kelmiskiams.lt\/index.php?rest_route=%2Fwp%2Fv2%2Fmedia&parent=482"}],"wp:term":[{"taxonomy":"category","embeddable":true,"href":"https:\/\/kelmiskiams.lt\/index.php?rest_route=%2Fwp%2Fv2%2Fcategories&post=482"},{"taxonomy":"post_tag","embeddable":true,"href":"https:\/\/kelmiskiams.lt\/index.php?rest_route=%2Fwp%2Fv2%2Ftags&post=482"}],"curies":[{"name":"wp","href":"https:\/\/api.w.org\/{rel}","templated":true}]}}