{"id":459,"date":"2022-11-28T10:01:31","date_gmt":"2022-11-28T10:01:31","guid":{"rendered":"https:\/\/kelmiskiams.lt\/?p=459"},"modified":"2022-11-28T10:18:19","modified_gmt":"2022-11-28T10:18:19","slug":"kaledine-egle-sugris-i-laisves-gyneju-aikste","status":"publish","type":"post","link":"https:\/\/kelmiskiams.lt\/?p=459","title":{"rendered":"Kal\u0117d\u0173 egl\u0117 sugr\u012f\u0161 \u012f Laisv\u0117s gyn\u0117j\u0173 aik\u0161t\u0119"},"content":{"rendered":"\n<p>Kal\u0117d\u0173 egl\u0117 sugr\u012f\u017eta \u012f ankstesn\u0119 viet\u0105 \u2013 Laisv\u0117s gyn\u0117j\u0173 aik\u0161t\u0119 (prie Kelm\u0117s Algirdo Lipeikos men\u0173 mokyklos). Gruod\u017eio 9-\u0105j\u0105 kelmi\u0161kiai ir miesto sve\u010diai bus pakviesti \u012f eglut\u0117s \u012f\u017eiebimo \u0161vent\u0119. \u0160iemet \u017ealiaskar\u0117 net 12 metr\u0173 auk\u0161\u010dio, o j\u0105 padovanojo Kaln\u0173 gatv\u0117s gyventojai.<\/p>\n\n\n\n<p>Pasak Kelm\u0117s miesto seni\u016bno Romo Atko\u010dai\u010dio, Atgimimo aik\u0161t\u0117je (prie kult\u016bros centro) auganti egl\u0117 stipriai apd\u017ei\u016bvo ir jos i\u0161vaizda neb\u0117ra tinkama pagrindinei miesto eglei. Ateityje  Atgimimo aik\u0161t\u0117je auganti egl\u0117 bus \u0161alinama. <\/p>\n\n\n\n<p>\u2013 Kol neturime pareng\u0119 \u0161ios aik\u0161t\u0117s sutvarkymo plano, nieko keisti neketiname. O \u0161iais metais aplink egl\u0119 Atgimimo aik\u0161t\u0117je bus puo\u0161iamos vaik\u0173 dar\u017eeli\u0173 ir mokykl\u0173 pradini\u0173 klasi\u0173 mokini\u0173 eglut\u0117s. Kitos miesto erdv\u0117s taip pat bus puo\u0161iamos,  atsiras naujos gatvi\u0173 ap\u0161vietimo stulp\u0173 dekoracijos, LED dekoracijos apie egl\u0119 bei med\u017eiuose. Egl\u0117s papuo\u0161imas kainuos apie 12 t\u016bkst. Eur., miesto erdvi\u0173 papuo\u0161imas \u2013 apie 5 t\u016bkst. Eur. Labai tiksliai nurodyti negalime, nes viskas gali \u0161iek tiek keistis darb\u0173 eigoje, \u2013 sak\u0117 miesto seni\u016bnas.<\/p>\n\n\n\n<p>Seni\u016bnas tikisi, kad \u012fvyks ir gra\u017eiausiai pasipuo\u0161usi\u0173 sodyb\u0173 bei \u012fstaig\u0173 konkursas, nors elektros ir girliand\u0173 kainos gerokai i\u0161augo.<\/p>\n\n\n\n<p class=\"has-text-align-right\">Kelmi\u0161kiams.lt<\/p>\n","protected":false},"excerpt":{"rendered":"<p>Kal\u0117d\u0173 egl\u0117 sugr\u012f\u017eta \u012f ankstesn\u0119 viet\u0105 \u2013 Laisv\u0117s gyn\u0117j\u0173 aik\u0161t\u0119 (prie Kelm\u0117s Algirdo Lipeikos men\u0173 mokyklos). Gruod\u017eio 9-\u0105j\u0105 kelmi\u0161kiai ir<\/p>\n","protected":false},"author":2,"featured_media":460,"comment_status":"open","ping_status":"open","sticky":false,"template":"","format":"standard","meta":{"om_disable_all_campaigns":false,"_mi_skip_tracking":false},"categories":[4],"tags":[],"aioseo_notices":[],"_links":{"self":[{"href":"https:\/\/kelmiskiams.lt\/index.php?rest_route=\/wp\/v2\/posts\/459"}],"collection":[{"href":"https:\/\/kelmiskiams.lt\/index.php?rest_route=\/wp\/v2\/posts"}],"about":[{"href":"https:\/\/kelmiskiams.lt\/index.php?rest_route=\/wp\/v2\/types\/post"}],"author":[{"embeddable":true,"href":"https:\/\/kelmiskiams.lt\/index.php?rest_route=\/wp\/v2\/users\/2"}],"replies":[{"embeddable":true,"href":"https:\/\/kelmiskiams.lt\/index.php?rest_route=%2Fwp%2Fv2%2Fcomments&post=459"}],"version-history":[{"count":5,"href":"https:\/\/kelmiskiams.lt\/index.php?rest_route=\/wp\/v2\/posts\/459\/revisions"}],"predecessor-version":[{"id":467,"href":"https:\/\/kelmiskiams.lt\/index.php?rest_route=\/wp\/v2\/posts\/459\/revisions\/467"}],"wp:featuredmedia":[{"embeddable":true,"href":"https:\/\/kelmiskiams.lt\/index.php?rest_route=\/wp\/v2\/media\/460"}],"wp:attachment":[{"href":"https:\/\/kelmiskiams.lt\/index.php?rest_route=%2Fwp%2Fv2%2Fmedia&parent=459"}],"wp:term":[{"taxonomy":"category","embeddable":true,"href":"https:\/\/kelmiskiams.lt\/index.php?rest_route=%2Fwp%2Fv2%2Fcategories&post=459"},{"taxonomy":"post_tag","embeddable":true,"href":"https:\/\/kelmiskiams.lt\/index.php?rest_route=%2Fwp%2Fv2%2Ftags&post=459"}],"curies":[{"name":"wp","href":"https:\/\/api.w.org\/{rel}","templated":true}]}}