{"id":387,"date":"2022-11-17T10:22:25","date_gmt":"2022-11-17T10:22:25","guid":{"rendered":"https:\/\/kelmiskiams.lt\/?p=387"},"modified":"2022-11-17T11:27:23","modified_gmt":"2022-11-17T11:27:23","slug":"mazi-savivaldybes-komunikacijos-galimybiu-proverziai","status":"publish","type":"post","link":"https:\/\/kelmiskiams.lt\/?p=387","title":{"rendered":"Ma\u017ei savivaldyb\u0117s komunikacijos galimybi\u0173 prover\u017eiai"},"content":{"rendered":"\n<p>Kelm\u0117s rajonas pagal Savivaldybi\u0173 gerov\u0117s indeks\u0105, kasmet skelbiam\u0105 Vilniaus politikos analiz\u0117s instituto,\u00a0 patenka tarp \u201ev\u0117luojan\u010di\u0173j\u0173\u201c region\u0173 (56 vieta \u2013 2021 m.). Rajonas tiek \u0160iauli\u0173 apskrityje, tiek lyginant su kitomis kaimi\u0161komis savivaldyb\u0117mis pagal visus 5 indekso komponentus yra paskutiniame de\u0161imtuke.<\/p>\n\n\n\n<p>\u2013 Vietos vald\u017eia nepakankamai komunikuoja su gyventojais, o tai leid\u017eia i\u0161vengti rinkimini\u0173 pa\u017ead\u0173 prie\u017ei\u016bros. Daug problem\u0173 Kelm\u0117s rajone kyla d\u0117l nekokybi\u0161kos komunikacijos, tod\u0117l aktualios naujienos pateikiamos pav\u0117luotai, neadresuojant j\u0173 tikslin\u0117ms grup\u0117ms, nesiekiant konkretaus rezultato ir j\u0173 atgalinio ry\u0161io. Pateikiamos informacijos vizualizacija gana skurdi, savivaldyb\u0117s pos\u0117d\u017ei\u0173 informacija (pos\u0117d\u017eiams vykstant) pateikiama tik \u017eod\u017eiu. Tiek komunikacijai, tiek rajono \u012fvaizd\u017eio formavimui skiriama ma\u017eai d\u0117mesio, ypa\u010d socialiniuose tinkluose, nors toks b\u016bdas yra itin paveikus jaunesnio am\u017eiaus rajono gyventojams d\u0117l greitai pateikiamos bei gaunamos informacijos, galimyb\u0117s u\u017eduoti r\u016bpimus klausimus ir gauti atsakymus grei\u010diau ir patogiau, \u2013 sako Informacijos main\u0173 ir \u0161vietimo centro (IM\u0160C) direktorius Nerijus \u0160arauskas.<\/p>\n\n\n\n<p>Dar pra\u0117jusi\u0105 vasar\u0105 vykusioje diskusijoje apie tai, kad lengvai ir ai\u0161kiai prieinama ir gaunama informacija \u0161iuolaikiniam veikliam \u017emogui yra b\u016btina, nes laiko s\u0105naudos ie\u0161kant svarbi\u0173 dalyk\u0173 gerokai suma\u017e\u0117ja, pripa\u017eino ir savivaldyb\u0117s vadovai \u2013 savivaldyb\u0117s meras Ildefonsas Petkevi\u010dius ir administracijos direktorius Stasys Jokubauskas.<\/p>\n\n\n\n<p>Pasak IM\u0160C direktoriaus, \u0161iuolaiki\u0161ka, ai\u0161ki ir tiksli komunikacija, kompetentingi rajono vald\u017eios atstovai ir darbuotojai kelia didesn\u012f pasitik\u0117jim\u0105 ne tik rajono gyventojams, kitoms savivaldyb\u0117ms, su kuriomis atsivert\u0173 daugiau bendradarbiavimo ir aktyvaus dalijimosi patirtimi galimybi\u0173, bet ir galimiems investuotojams ar turistams.<\/p>\n\n\n\n<p>\u2013 Kad geb\u0117jimas tinkamai komunikuoti yra labai svarbus \u0161iais did\u017eiuli\u0173 informacijos sraut\u0173 laikais, pripa\u017e\u012fsta beveik visi, ta\u010diau reikia suvokti, kur ir koki\u0105 informacij\u0105 teikti yra tikslinga, ir atsi\u017evelgti \u012f teik\u0117jo profesin\u0119 bei visuomenin\u0119 pozicij\u0105, &#8211; patikslina N. \u0160arauskas ir d\u017eiaugiasi, kad pastaruoju metu savivaldyb\u0117s komunikacija su visuomene pasist\u016bm\u0117jo \u012f priek\u012f, ta\u010diau tobul\u0117jimui rib\u0173 n\u0117ra, galb\u016bt tai paskatins naujo u\u017e ry\u0161ius su visuomene atsakingo \u017emogaus at\u0117jimas \u012f savivaldyb\u0119 bei nauj\u0173 visuomen\u0117s informavimo kanal\u0173 paie\u0161ka.<\/p>\n\n\n\n<p><\/p>\n\n\n\n<p>Nuotraukoje: Kelm\u0117s rajono savivaldyb\u0117s \u012fra\u0161as socialiniame tinkle<em> <\/em><a href=\"https:\/\/www.facebook.com\/photo\/?fbid=495648652598511&amp;set=a.442337074596336\"><em>Facebook<\/em>.<\/a><\/p>\n","protected":false},"excerpt":{"rendered":"<p>Kelm\u0117s rajonas pagal Savivaldybi\u0173 gerov\u0117s indeks\u0105, kasmet skelbiam\u0105 Vilniaus politikos analiz\u0117s instituto,\u00a0 patenka tarp \u201ev\u0117luojan\u010di\u0173j\u0173\u201c region\u0173 (56 vieta \u2013 2021<\/p>\n","protected":false},"author":2,"featured_media":388,"comment_status":"open","ping_status":"open","sticky":false,"template":"","format":"standard","meta":{"om_disable_all_campaigns":false,"_mi_skip_tracking":false},"categories":[4],"tags":[],"aioseo_notices":[],"_links":{"self":[{"href":"https:\/\/kelmiskiams.lt\/index.php?rest_route=\/wp\/v2\/posts\/387"}],"collection":[{"href":"https:\/\/kelmiskiams.lt\/index.php?rest_route=\/wp\/v2\/posts"}],"about":[{"href":"https:\/\/kelmiskiams.lt\/index.php?rest_route=\/wp\/v2\/types\/post"}],"author":[{"embeddable":true,"href":"https:\/\/kelmiskiams.lt\/index.php?rest_route=\/wp\/v2\/users\/2"}],"replies":[{"embeddable":true,"href":"https:\/\/kelmiskiams.lt\/index.php?rest_route=%2Fwp%2Fv2%2Fcomments&post=387"}],"version-history":[{"count":4,"href":"https:\/\/kelmiskiams.lt\/index.php?rest_route=\/wp\/v2\/posts\/387\/revisions"}],"predecessor-version":[{"id":395,"href":"https:\/\/kelmiskiams.lt\/index.php?rest_route=\/wp\/v2\/posts\/387\/revisions\/395"}],"wp:featuredmedia":[{"embeddable":true,"href":"https:\/\/kelmiskiams.lt\/index.php?rest_route=\/wp\/v2\/media\/388"}],"wp:attachment":[{"href":"https:\/\/kelmiskiams.lt\/index.php?rest_route=%2Fwp%2Fv2%2Fmedia&parent=387"}],"wp:term":[{"taxonomy":"category","embeddable":true,"href":"https:\/\/kelmiskiams.lt\/index.php?rest_route=%2Fwp%2Fv2%2Fcategories&post=387"},{"taxonomy":"post_tag","embeddable":true,"href":"https:\/\/kelmiskiams.lt\/index.php?rest_route=%2Fwp%2Fv2%2Ftags&post=387"}],"curies":[{"name":"wp","href":"https:\/\/api.w.org\/{rel}","templated":true}]}}