{"id":3784,"date":"2026-08-26T10:00:25","date_gmt":"2026-08-26T10:00:25","guid":{"rendered":"https:\/\/kelmiskiams.lt\/?p=3784"},"modified":"2026-09-02T10:04:26","modified_gmt":"2026-09-02T10:04:26","slug":"dviraciu-zygis-subure-aktyvaus-laisvalaikio-megejus","status":"publish","type":"post","link":"https:\/\/kelmiskiams.lt\/?p=3784","title":{"rendered":"Dvira\u010di\u0173 \u017eygis sub\u016br\u0117 aktyvaus laisvalaikio m\u0117g\u0117jus"},"content":{"rendered":"\n<p>Sporto klubas \u201eAntivis\u201c, \u012fgyvendindamas t\u0119stin\u012f projekt\u0105 \u201eSveikos gyvensenos ir aktyvaus poilsio skatinimas Tytuv\u0117n\u0173, Kra\u017ei\u0173 ir Vaiguvos bendruomen\u0117se Kelm\u0117s rajone\u201c, sureng\u0117 dvira\u010di\u0173 \u017eyg\u012f.<\/p>\n\n\n\n<p>Nepab\u016bg\u0119 savaitgal\u012f siautusios audros ir permaining\u0173 oro s\u0105lyg\u0173, \u012f rengin\u012f susirinko dvira\u010di\u0173 ir aktyvaus laisvalaikio m\u0117g\u0117jai. Dalyviai leidosi \u012f smag\u0173 \u017eyg\u012f, kuriame netr\u016bko geros nuotaikos, i\u0161\u0161\u016bki\u0173, gra\u017ei\u0173 gamtos vaizd\u0173 ir bendryst\u0117s.<\/p>\n\n\n<div class=\"wp-block-image\">\n<figure class=\"alignleft size-full is-resized\"><img decoding=\"async\" loading=\"lazy\" src=\"http:\/\/kelmiskiams.lt\/wp-content\/uploads\/2026\/03\/paveikslas.png\" alt=\"\" class=\"wp-image-3721\" width=\"509\" height=\"200\" srcset=\"https:\/\/kelmiskiams.lt\/wp-content\/uploads\/2026\/03\/paveikslas.png 643w, https:\/\/kelmiskiams.lt\/wp-content\/uploads\/2026\/03\/paveikslas-300x118.png 300w\" sizes=\"(max-width: 509px) 100vw, 509px\" \/><\/figure><\/div>\n\n\n<p>\u017dygis tapo puikia proga ne tik aktyviai pajud\u0117ti, bet ir pabendrauti, pasim\u0117gauti gamta bei kartu \u012fveikti ne visai vasari\u0161kas oro s\u0105lygas. Net ir baisi audra nesustabd\u0117 pasiry\u017eusi\u0173 dalyvauti \u2013 sporto entuziazmas ir gera nuotaika nugal\u0117jo bet kokias oro i\u0161daigas.<\/p>\n\n\n\n<p>Tokios iniciatyvos skatina rinktis aktyvesn\u012f ir sveikesn\u012f gyvenimo b\u016bd\u0105, leid\u017eia patirti nauj\u0173 \u012fsp\u016bd\u017ei\u0173 ir stiprina bendruomeni\u0161kum\u0105.<\/p>\n\n\n\n<p>Projekt\u0105 finansuoja Kelm\u0117s v\u0117jo elektrini\u0173 parko vystytojas \u201eIgnitis renewables\u201c.<\/p>\n\n\n\n<figure class=\"is-layout-flex wp-block-gallery-1 wp-block-gallery has-nested-images columns-default is-cropped\">\n<figure class=\"wp-block-image size-large\"><img decoding=\"async\" loading=\"lazy\" width=\"768\" height=\"1024\" data-id=\"3787\"  src=\"https:\/\/kelmiskiams.lt\/wp-content\/uploads\/2026\/09\/Tytuvenu-regioninis-768x1024.jpeg\" alt=\"\" class=\"wp-image-3787\" srcset=\"https:\/\/kelmiskiams.lt\/wp-content\/uploads\/2026\/09\/Tytuvenu-regioninis-768x1024.jpeg 768w, https:\/\/kelmiskiams.lt\/wp-content\/uploads\/2026\/09\/Tytuvenu-regioninis-225x300.jpeg 225w, https:\/\/kelmiskiams.lt\/wp-content\/uploads\/2026\/09\/Tytuvenu-regioninis-1152x1536.jpeg 1152w, https:\/\/kelmiskiams.lt\/wp-content\/uploads\/2026\/09\/Tytuvenu-regioninis-1536x2048.jpeg 1536w, https:\/\/kelmiskiams.lt\/wp-content\/uploads\/2026\/09\/Tytuvenu-regioninis-scaled.jpeg 1920w\" sizes=\"(max-width: 768px) 100vw, 768px\" \/><\/figure>\n\n\n\n<figure class=\"wp-block-image size-large\"><img decoding=\"async\" loading=\"lazy\" width=\"768\" height=\"1024\" data-id=\"3785\"  src=\"https:\/\/kelmiskiams.lt\/wp-content\/uploads\/2026\/09\/Po-apylinkes-768x1024.jpeg\" alt=\"\" class=\"wp-image-3785\" srcset=\"https:\/\/kelmiskiams.lt\/wp-content\/uploads\/2026\/09\/Po-apylinkes-768x1024.jpeg 768w, https:\/\/kelmiskiams.lt\/wp-content\/uploads\/2026\/09\/Po-apylinkes-225x300.jpeg 225w, https:\/\/kelmiskiams.lt\/wp-content\/uploads\/2026\/09\/Po-apylinkes-1152x1536.jpeg 1152w, https:\/\/kelmiskiams.lt\/wp-content\/uploads\/2026\/09\/Po-apylinkes-1536x2048.jpeg 1536w, https:\/\/kelmiskiams.lt\/wp-content\/uploads\/2026\/09\/Po-apylinkes-scaled.jpeg 1920w\" sizes=\"(max-width: 768px) 100vw, 768px\" \/><\/figure>\n<\/figure>\n\n\n<div class=\"wp-block-image\">\n<figure class=\"aligncenter size-full is-resized\"><img decoding=\"async\" loading=\"lazy\" src=\"http:\/\/kelmiskiams.lt\/wp-content\/uploads\/2024\/03\/Apmoketas-turinys.png\" alt=\"\" class=\"wp-image-2886\" width=\"215\" height=\"215\" srcset=\"https:\/\/kelmiskiams.lt\/wp-content\/uploads\/2024\/03\/Apmoketas-turinys.png 500w, https:\/\/kelmiskiams.lt\/wp-content\/uploads\/2024\/03\/Apmoketas-turinys-300x300.png 300w, https:\/\/kelmiskiams.lt\/wp-content\/uploads\/2024\/03\/Apmoketas-turinys-150x150.png 150w\" sizes=\"(max-width: 215px) 100vw, 215px\" \/><\/figure><\/div>","protected":false},"excerpt":{"rendered":"<p>Sporto klubas \u201eAntivis\u201c, \u012fgyvendindamas t\u0119stin\u012f projekt\u0105 \u201eSveikos gyvensenos ir aktyvaus poilsio skatinimas Tytuv\u0117n\u0173, Kra\u017ei\u0173 ir Vaiguvos bendruomen\u0117se Kelm\u0117s rajone\u201c, sureng\u0117<\/p>\n","protected":false},"author":2,"featured_media":3786,"comment_status":"open","ping_status":"open","sticky":false,"template":"","format":"standard","meta":{"om_disable_all_campaigns":false,"_mi_skip_tracking":false},"categories":[4],"tags":[],"aioseo_notices":[],"_links":{"self":[{"href":"https:\/\/kelmiskiams.lt\/index.php?rest_route=\/wp\/v2\/posts\/3784"}],"collection":[{"href":"https:\/\/kelmiskiams.lt\/index.php?rest_route=\/wp\/v2\/posts"}],"about":[{"href":"https:\/\/kelmiskiams.lt\/index.php?rest_route=\/wp\/v2\/types\/post"}],"author":[{"embeddable":true,"href":"https:\/\/kelmiskiams.lt\/index.php?rest_route=\/wp\/v2\/users\/2"}],"replies":[{"embeddable":true,"href":"https:\/\/kelmiskiams.lt\/index.php?rest_route=%2Fwp%2Fv2%2Fcomments&post=3784"}],"version-history":[{"count":1,"href":"https:\/\/kelmiskiams.lt\/index.php?rest_route=\/wp\/v2\/posts\/3784\/revisions"}],"predecessor-version":[{"id":3788,"href":"https:\/\/kelmiskiams.lt\/index.php?rest_route=\/wp\/v2\/posts\/3784\/revisions\/3788"}],"wp:featuredmedia":[{"embeddable":true,"href":"https:\/\/kelmiskiams.lt\/index.php?rest_route=\/wp\/v2\/media\/3786"}],"wp:attachment":[{"href":"https:\/\/kelmiskiams.lt\/index.php?rest_route=%2Fwp%2Fv2%2Fmedia&parent=3784"}],"wp:term":[{"taxonomy":"category","embeddable":true,"href":"https:\/\/kelmiskiams.lt\/index.php?rest_route=%2Fwp%2Fv2%2Fcategories&post=3784"},{"taxonomy":"post_tag","embeddable":true,"href":"https:\/\/kelmiskiams.lt\/index.php?rest_route=%2Fwp%2Fv2%2Ftags&post=3784"}],"curies":[{"name":"wp","href":"https:\/\/api.w.org\/{rel}","templated":true}]}}