{"id":377,"date":"2022-11-16T13:31:08","date_gmt":"2022-11-16T13:31:08","guid":{"rendered":"https:\/\/kelmiskiams.lt\/?p=377"},"modified":"2022-11-16T13:32:18","modified_gmt":"2022-11-16T13:32:18","slug":"jaunimo-lyderiai-apie-organizaciju-tobulejima","status":"publish","type":"post","link":"https:\/\/kelmiskiams.lt\/?p=377","title":{"rendered":"Jaunimo lyderiai \u2013 apie organizacij\u0173 tobul\u0117jim\u0105"},"content":{"rendered":"\n<p>U\u017even\u010dio \u0160atrijos Raganos gimnazijos Vaiguvos Vlado \u0160imkaus skyriuje \u012fvyko konferencija ,,Geroji patirtis \u2013 jaunimo organizacij\u0173 tobul\u0117jimo pagrindas\u201c, kuri\u0105 organizavo ir moderavo Vaiguvos jaunimo bendruomen\u0117s ,,Lyderiai\u201c pirmininkas Egidijus Mikovi\u010dius.<\/p>\n\n\n\n<p>Savo veiklas pristat\u0117 Kelm\u0117s atviras jaunimo centras, Kelm\u0117s maltie\u010diai ir Vaiguvos jaunimo bendruomen\u0117s organizacija &nbsp;,,Lyderiai\u201c. \u012e konferencij\u0105 atvyko dalyviai, sve\u010diai, &nbsp;Kelm\u0117s rajono savivaldyb\u0117s atstovai \u2013 Jaunimo reikal\u0173 koordinator\u0117 Vaida Samu\u0161ien\u0117 ir &nbsp;&nbsp;Jaunimo reikal\u0173 tarybos pirmininkas Tadas Kasparas bei Tel\u0161i\u0173 apskrities Kelm\u0117s r. PK veiklos skyriaus vyresnioji tyr\u0117ja Au\u0161rin\u0117 Sta\u0161evi\u010dien\u0117. Organizacij\u0173 atstovai ir dirbantieji su jaunimu prisistat\u0117, kalb\u0117jo jaunimui aktualiais klausimais.&nbsp;<\/p>\n\n\n\n<p class=\"has-text-align-right\"><em> Vaiguvos jaunimo bendruomen\u0117s ,,Lyderiai\u201c <em>Informacija ir nuotr.<\/em><\/em><\/p>\n","protected":false},"excerpt":{"rendered":"<p>U\u017even\u010dio \u0160atrijos Raganos gimnazijos Vaiguvos Vlado \u0160imkaus skyriuje \u012fvyko konferencija ,,Geroji patirtis \u2013 jaunimo organizacij\u0173 tobul\u0117jimo pagrindas\u201c, kuri\u0105 organizavo ir<\/p>\n","protected":false},"author":2,"featured_media":378,"comment_status":"open","ping_status":"open","sticky":false,"template":"","format":"standard","meta":{"om_disable_all_campaigns":false,"_mi_skip_tracking":false},"categories":[4],"tags":[],"aioseo_notices":[],"_links":{"self":[{"href":"https:\/\/kelmiskiams.lt\/index.php?rest_route=\/wp\/v2\/posts\/377"}],"collection":[{"href":"https:\/\/kelmiskiams.lt\/index.php?rest_route=\/wp\/v2\/posts"}],"about":[{"href":"https:\/\/kelmiskiams.lt\/index.php?rest_route=\/wp\/v2\/types\/post"}],"author":[{"embeddable":true,"href":"https:\/\/kelmiskiams.lt\/index.php?rest_route=\/wp\/v2\/users\/2"}],"replies":[{"embeddable":true,"href":"https:\/\/kelmiskiams.lt\/index.php?rest_route=%2Fwp%2Fv2%2Fcomments&post=377"}],"version-history":[{"count":3,"href":"https:\/\/kelmiskiams.lt\/index.php?rest_route=\/wp\/v2\/posts\/377\/revisions"}],"predecessor-version":[{"id":381,"href":"https:\/\/kelmiskiams.lt\/index.php?rest_route=\/wp\/v2\/posts\/377\/revisions\/381"}],"wp:featuredmedia":[{"embeddable":true,"href":"https:\/\/kelmiskiams.lt\/index.php?rest_route=\/wp\/v2\/media\/378"}],"wp:attachment":[{"href":"https:\/\/kelmiskiams.lt\/index.php?rest_route=%2Fwp%2Fv2%2Fmedia&parent=377"}],"wp:term":[{"taxonomy":"category","embeddable":true,"href":"https:\/\/kelmiskiams.lt\/index.php?rest_route=%2Fwp%2Fv2%2Fcategories&post=377"},{"taxonomy":"post_tag","embeddable":true,"href":"https:\/\/kelmiskiams.lt\/index.php?rest_route=%2Fwp%2Fv2%2Ftags&post=377"}],"curies":[{"name":"wp","href":"https:\/\/api.w.org\/{rel}","templated":true}]}}