{"id":353,"date":"2022-11-08T10:40:04","date_gmt":"2022-11-08T10:40:04","guid":{"rendered":"https:\/\/kelmiskiams.lt\/?p=353"},"modified":"2022-11-08T10:45:57","modified_gmt":"2022-11-08T10:45:57","slug":"zemes-mokescio-lesos-rajono-keliu-buklei-gerinti","status":"publish","type":"post","link":"https:\/\/kelmiskiams.lt\/?p=353","title":{"rendered":"\u017dem\u0117s mokes\u010dio l\u0117\u0161os \u2013 rajono keli\u0173 b\u016bklei gerinti"},"content":{"rendered":"\n<p>Kelm\u0117s rajono \u016bkinink\u0173 s\u0105junga ir  \u017dem\u0117s \u016bkio ir kaimo pl\u0117tros skyrius suorganizavo susirinkim\u0105-diskusij\u0105 d\u0117l \u017eem\u0117s \u016bkio paskirties \u017eem\u0117s mokes\u010dio tarifo nustatymo \u016bkininkams. Susirinkime dalyvavo Savivaldyb\u0117s meras Ildefonsas Petkevi\u010dius, Kelm\u0117s rajono \u016bkinink\u0173 s\u0105jungos pirmininkas Martynas Puidokas, rajono \u016bkininkai, skyriaus specialistai.<\/p>\n\n\n\n<p>Prane\u0161im\u0105 apie Kelm\u0117s rajono tarybos sprendimo projekt\u0105 d\u0117l \u017eem\u0117s mokes\u010di\u0173 tarif\u0173 nustatymo 2023&nbsp;metais pristat\u0117 Savivaldyb\u0117s administracijos Finans\u0173 skyriaus ved\u0117ja Vida Sinkevi\u010dien\u0117.<\/p>\n\n\n\n<p>Pagal Lietuvos Respublikos \u017eem\u0117s mokes\u010dio \u012fstatymo 10 straipsnio 4 dalies nuostatas, masinis \u017eem\u0117s vertinimas \u017eem\u0117s mokestin\u0117ms vert\u0117ms apskai\u010diuoti Vyriausyb\u0117s nustatyta tvarka atliekamas ne re\u010diau kaip kas 5 metai, tod\u0117l 2023 metais \u017eem\u0117s mokestis bus apskai\u010diuojamas pagal nustatytas naujas \u017eem\u0117s mokestines vertes, o Savivaldyb\u0117s taryba 2023 m. \u017eem\u0117s mokes\u010dio tarifus turi nustatyti iki 2022 m. gruod\u017eio 1 d. Jeigu bus taikomi pra\u0117jusi\u0173 met\u0173 \u017eem\u0117s mokes\u010dio tarifai, \u017eem\u0117s \u016bkio paskirties \u017eem\u0117s mokestis padid\u0117s 50 procent\u0173. Savivaldyb\u0117s tarybai bus si\u016bloma palikti tokius pat mokes\u010di\u0173 tarifus, kaip ir 2022 m.<\/p>\n\n\n\n<p>\u016akininkai sutiko, kad 2023 m. b\u016bt\u0173 taikomas toks pat \u017eem\u0117s mokes\u010dio tarifas, kaip ir 2022 m., tik pasi\u016bl\u0117, jog papildomai surinktos l\u0117\u0161os d\u0117l padid\u0117jusio \u017eem\u0117s mokes\u010dio b\u016bt\u0173 skirtos rajono keli\u0173 b\u016bklei gerinti. \u016akininkai sumoka apie 89 proc. rajone surenkamo \u017eem\u0117s mokes\u010dio, tod\u0117l Kelm\u0117s rajono \u016bkinink\u0173 s\u0105jungos pirmininkas M. Puidokas pateik\u0117 pasi\u016blym\u0105 \u012ftraukti \u012f kiekvienos seni\u016bnijos komisij\u0105 d\u0117l vietin\u0117s reik\u0161m\u0117s keli\u0173 taisymo (remonto) ir prie\u017ei\u016bros tos seni\u016bnijos \u016bkinink\u0173 atstovus.<\/p>\n\n\n\n<p class=\"has-text-align-right\"><em>\u017dem\u0117s \u016bkio ir kaimo pl\u0117tros skyriaus informacija ir nuotraukos<\/em><\/p>\n\n\n\n<p><\/p>\n","protected":false},"excerpt":{"rendered":"<p>Kelm\u0117s rajono \u016bkinink\u0173 s\u0105junga ir \u017dem\u0117s \u016bkio ir kaimo pl\u0117tros skyrius suorganizavo susirinkim\u0105-diskusij\u0105 d\u0117l \u017eem\u0117s \u016bkio paskirties \u017eem\u0117s mokes\u010dio tarifo<\/p>\n","protected":false},"author":2,"featured_media":354,"comment_status":"open","ping_status":"open","sticky":false,"template":"","format":"standard","meta":{"om_disable_all_campaigns":false,"_mi_skip_tracking":false},"categories":[4],"tags":[],"aioseo_notices":[],"_links":{"self":[{"href":"https:\/\/kelmiskiams.lt\/index.php?rest_route=\/wp\/v2\/posts\/353"}],"collection":[{"href":"https:\/\/kelmiskiams.lt\/index.php?rest_route=\/wp\/v2\/posts"}],"about":[{"href":"https:\/\/kelmiskiams.lt\/index.php?rest_route=\/wp\/v2\/types\/post"}],"author":[{"embeddable":true,"href":"https:\/\/kelmiskiams.lt\/index.php?rest_route=\/wp\/v2\/users\/2"}],"replies":[{"embeddable":true,"href":"https:\/\/kelmiskiams.lt\/index.php?rest_route=%2Fwp%2Fv2%2Fcomments&post=353"}],"version-history":[{"count":1,"href":"https:\/\/kelmiskiams.lt\/index.php?rest_route=\/wp\/v2\/posts\/353\/revisions"}],"predecessor-version":[{"id":355,"href":"https:\/\/kelmiskiams.lt\/index.php?rest_route=\/wp\/v2\/posts\/353\/revisions\/355"}],"wp:featuredmedia":[{"embeddable":true,"href":"https:\/\/kelmiskiams.lt\/index.php?rest_route=\/wp\/v2\/media\/354"}],"wp:attachment":[{"href":"https:\/\/kelmiskiams.lt\/index.php?rest_route=%2Fwp%2Fv2%2Fmedia&parent=353"}],"wp:term":[{"taxonomy":"category","embeddable":true,"href":"https:\/\/kelmiskiams.lt\/index.php?rest_route=%2Fwp%2Fv2%2Fcategories&post=353"},{"taxonomy":"post_tag","embeddable":true,"href":"https:\/\/kelmiskiams.lt\/index.php?rest_route=%2Fwp%2Fv2%2Ftags&post=353"}],"curies":[{"name":"wp","href":"https:\/\/api.w.org\/{rel}","templated":true}]}}