{"id":3475,"date":"2025-02-11T08:20:41","date_gmt":"2025-02-11T08:20:41","guid":{"rendered":"https:\/\/kelmiskiams.lt\/?p=3475"},"modified":"2025-02-11T08:20:42","modified_gmt":"2025-02-11T08:20:42","slug":"parodoje-dvaru-indelis-i-lietuvos-valstybes-nepriklausomybe","status":"publish","type":"post","link":"https:\/\/kelmiskiams.lt\/?p=3475","title":{"rendered":"Parodoje \u2013 dvar\u0173 ind\u0117lis \u012f Lietuvos valstyb\u0117s nepriklausomyb\u0119"},"content":{"rendered":"\n<p>Art\u0117jant vienoms i\u0161 svarbiausi\u0173 Lietuvos valstybingumo dat\u0173 \u2013 vasario 16-ajai ir kovo 11-ajai, Kelm\u0117s \u017demait\u0117s vie\u0161ojoje bibliotekoje eksponuojama paroda \u201eDvar\u0173 relikvijos pasakoja&#8230; nuo kov\u0173 iki kov\u0173\u201c. Tai Vytauto Did\u017eiojo karo muziejaus parengta kilnojamoji paroda, kurioje galima i\u0161vysti autenti\u0161kus to meto eksponatus nuotraukose, susipa\u017einti su \u012fvairi\u0173 Lietuvos dvar\u0173 \u017eymiais savininkais ir atsekti j\u0173 ind\u0117l\u012f \u012f Lietuvos valstyb\u0117s nepriklausomyb\u0119.<\/p>\n\n\n\n<p>Dvarai visuomet buvo visuomen\u0117s savimon\u0117s telkimosi centras, juose prasid\u0117davo svarbios valstybei permainos, \u2013 b\u016btent tai ir atskleid\u017eiama parodos stenduose. \u010cia akcentuojami keturi politiniai dvar\u0173 laikotarpiai: 1830\u20131831 m. ir 1863\u20131864 m. sukilimai, 1904 m. tautinis atgimimas ir 1918\u20131923 m. Nepriklausomyb\u0117s kovos. Kelm\u0117 \u0161iame kelio \u012f valstybingum\u0105 kontekste taip pat vaidina itin svarb\u0173 vaidmen\u012f. Kelm\u0117s dvaras buvo ta vieta, kur pirmiausiai Lietuvoje prasid\u0117jo 1831 m. sukilimo \u012fvykiai, o \u0161io dvaro savininkas Julius Gru\u017eevskis buvo vienas pirm\u0173j\u0173 \u017demaitijoje prad\u0117j\u0119s organizuoti sukil\u0117li\u0173 dalinius. 1863 m. prad\u017eioje Lenkijoje ir Lietuvoje prasid\u0117j\u0119s ginkluotas sukilimas buvo tarsi 1830\u20131831 m. sukilimo t\u0119sinys. Vienas i\u0161 svarbiausi\u0173 \u0161io sukilimo veik\u0117j\u0173 Lietuvoje \u2013 kunigas Antanas Mackevi\u010dius, gim\u0119s Kelm\u0117s rajone. 1864 m. u\u017edraudus lietuvi\u0161kus leidinius lotyni\u0161komis raid\u0117mis, pasiprie\u0161inimo \u012frankiu tapo knygne\u0161iai ir slaptosios prad\u017eios mokyklos. Dalis dvar\u0173 ir j\u0173 \u0161eiminink\u0173 tuomet \u012fsitrauk\u0117 \u012f toki\u0105 veikl\u0105, globojo knygne\u0161ius, kunigus, ra\u0161ytojus, spaudos leid\u0117jus. Kelm\u0117s rajone Grau\u017eik\u0173 ir \u0160ilo Pav\u0117\u017eupio dvaro savininkas Vladas Putvis-Putvinskis taip pat buvo \u012fsteig\u0119s nelegali\u0105 mokykl\u0105, jo dvare vyko literat\u0173, pirm\u0173j\u0173 demokrat\u0173 susirinkimai. \u0160itokiu b\u016bdu XIX a. pab.\u2013XX a. pr. vyk\u0119s visuomeninis, kult\u016brinis ir politinis gyvenimas sub\u016br\u0117 visus socialinius sluoksnius \u2013 didikus, bajorus dvarininkus, dvasininkus, miestie\u010dius ir valstie\u010dius \u2013 kovoti u\u017e nacionalin\u012f i\u0161sivadavim\u0105, ugdyti tauti\u0161kum\u0105 ir atgaivinti valstybingum\u0105.<\/p>\n\n\n\n<p>Vytauto Did\u017eiojo karo muziejaus paroda \u201eDvar\u0173 relikvijos pasakoja&#8230; nuo kov\u0173 iki kov\u0173\u201c Kelm\u0117s \u017demait\u0117s vie\u0161ojoje bibliotekoje bus eksponuojama iki kovo 6 d.<\/p>\n\n\n\n<p class=\"has-text-align-right\">Aist\u0117 Ma\u017eonien\u0117, vyresnioji bibliotekinink\u0117, Kelm\u0117s \u017demait\u0117s vie\u0161oji biblioteka<\/p>\n","protected":false},"excerpt":{"rendered":"<p>Art\u0117jant vienoms i\u0161 svarbiausi\u0173 Lietuvos valstybingumo dat\u0173 \u2013 vasario 16-ajai ir kovo 11-ajai, Kelm\u0117s \u017demait\u0117s vie\u0161ojoje bibliotekoje eksponuojama paroda \u201eDvar\u0173<\/p>\n","protected":false},"author":2,"featured_media":3476,"comment_status":"open","ping_status":"open","sticky":false,"template":"","format":"standard","meta":{"om_disable_all_campaigns":false,"_mi_skip_tracking":false},"categories":[7],"tags":[],"aioseo_notices":[],"_links":{"self":[{"href":"https:\/\/kelmiskiams.lt\/index.php?rest_route=\/wp\/v2\/posts\/3475"}],"collection":[{"href":"https:\/\/kelmiskiams.lt\/index.php?rest_route=\/wp\/v2\/posts"}],"about":[{"href":"https:\/\/kelmiskiams.lt\/index.php?rest_route=\/wp\/v2\/types\/post"}],"author":[{"embeddable":true,"href":"https:\/\/kelmiskiams.lt\/index.php?rest_route=\/wp\/v2\/users\/2"}],"replies":[{"embeddable":true,"href":"https:\/\/kelmiskiams.lt\/index.php?rest_route=%2Fwp%2Fv2%2Fcomments&post=3475"}],"version-history":[{"count":1,"href":"https:\/\/kelmiskiams.lt\/index.php?rest_route=\/wp\/v2\/posts\/3475\/revisions"}],"predecessor-version":[{"id":3477,"href":"https:\/\/kelmiskiams.lt\/index.php?rest_route=\/wp\/v2\/posts\/3475\/revisions\/3477"}],"wp:featuredmedia":[{"embeddable":true,"href":"https:\/\/kelmiskiams.lt\/index.php?rest_route=\/wp\/v2\/media\/3476"}],"wp:attachment":[{"href":"https:\/\/kelmiskiams.lt\/index.php?rest_route=%2Fwp%2Fv2%2Fmedia&parent=3475"}],"wp:term":[{"taxonomy":"category","embeddable":true,"href":"https:\/\/kelmiskiams.lt\/index.php?rest_route=%2Fwp%2Fv2%2Fcategories&post=3475"},{"taxonomy":"post_tag","embeddable":true,"href":"https:\/\/kelmiskiams.lt\/index.php?rest_route=%2Fwp%2Fv2%2Ftags&post=3475"}],"curies":[{"name":"wp","href":"https:\/\/api.w.org\/{rel}","templated":true}]}}