{"id":3471,"date":"2025-01-28T07:23:02","date_gmt":"2025-01-28T07:23:02","guid":{"rendered":"https:\/\/kelmiskiams.lt\/?p=3471"},"modified":"2025-01-28T07:25:31","modified_gmt":"2025-01-28T07:25:31","slug":"mesprisimename-akcija-kraziuose","status":"publish","type":"post","link":"https:\/\/kelmiskiams.lt\/?p=3471","title":{"rendered":"#MesPrisimename akcija Kra\u017eiuose"},"content":{"rendered":"\n<p>Sausio 27-\u0105j\u0105 visame pasaulyje minima Tarptautin\u0117 Holokausto auk\u0173 atminimo diena. Prisimenant vien\u0105 skaud\u017eiausi\u0173 \u017emonijos istorijos tragedij\u0173, Kra\u017ei\u0173 M. K. Sarbievijaus kult\u016bros centras kartu su Kra\u017ei\u0173 \u017dygimanto Liauksmino gimnazijos 6 klas\u0117s mokiniais ir vyr. mokytoja Vaida Andrulien\u0117, prisijung\u0117 prie pasaulin\u0117s atminimo akcijos #WeRemember (#MesPrisimename).<strong><\/strong><\/p>\n\n\n\n<p>Akcijos metu aplankyta Holokausto auk\u0173 atminimo vieta Kra\u017eiuose, senosios \u017eyd\u0173 kapin\u0117s, buvusi sinagog\u0173, \u017eiemin\u0117s ir vasarin\u0117s, buvimo vieta.<strong> <\/strong>Dalyviai pagerb\u0117 Holokausto aukas tylos minute ir u\u017edeg\u0117 atminimo \u017evakutes, taip i\u0161reik\u0161dami pagarb\u0105 \u017euvusiems ir primindami apie istorijos pamokas. Priminta ir Lietuvos \u017eyd\u0173 istorija, j\u0173 kult\u016brinis palikimas ir tragi\u0161ki XX am\u017eiaus \u012fvykiai, nul\u0117m\u0119 beveik visi\u0161k\u0105 \u017eyd\u0173 bendruomen\u0117s sunaikinim\u0105.<\/p>\n\n\n\n<p>Holokausto auk\u0173 atminimas \u2013 m\u016bs\u0173 pareiga ir atsakomyb\u0117. Istorija primena, kaip svarbu kovoti su neapykanta, diskriminacija ir smurtu, kad tokios tragedijos daugiau niekada nepasikartot\u0173.<\/p>\n\n\n\n<p class=\"has-text-align-right\">Sigita Pa\u017earauskait\u0117<\/p>\n","protected":false},"excerpt":{"rendered":"<p>Sausio 27-\u0105j\u0105 visame pasaulyje minima Tarptautin\u0117 Holokausto auk\u0173 atminimo diena. Prisimenant vien\u0105 skaud\u017eiausi\u0173 \u017emonijos istorijos tragedij\u0173, Kra\u017ei\u0173 M. K. Sarbievijaus<\/p>\n","protected":false},"author":2,"featured_media":3472,"comment_status":"open","ping_status":"open","sticky":false,"template":"","format":"standard","meta":{"om_disable_all_campaigns":false,"_mi_skip_tracking":false},"categories":[4],"tags":[],"aioseo_notices":[],"_links":{"self":[{"href":"https:\/\/kelmiskiams.lt\/index.php?rest_route=\/wp\/v2\/posts\/3471"}],"collection":[{"href":"https:\/\/kelmiskiams.lt\/index.php?rest_route=\/wp\/v2\/posts"}],"about":[{"href":"https:\/\/kelmiskiams.lt\/index.php?rest_route=\/wp\/v2\/types\/post"}],"author":[{"embeddable":true,"href":"https:\/\/kelmiskiams.lt\/index.php?rest_route=\/wp\/v2\/users\/2"}],"replies":[{"embeddable":true,"href":"https:\/\/kelmiskiams.lt\/index.php?rest_route=%2Fwp%2Fv2%2Fcomments&post=3471"}],"version-history":[{"count":1,"href":"https:\/\/kelmiskiams.lt\/index.php?rest_route=\/wp\/v2\/posts\/3471\/revisions"}],"predecessor-version":[{"id":3473,"href":"https:\/\/kelmiskiams.lt\/index.php?rest_route=\/wp\/v2\/posts\/3471\/revisions\/3473"}],"wp:featuredmedia":[{"embeddable":true,"href":"https:\/\/kelmiskiams.lt\/index.php?rest_route=\/wp\/v2\/media\/3472"}],"wp:attachment":[{"href":"https:\/\/kelmiskiams.lt\/index.php?rest_route=%2Fwp%2Fv2%2Fmedia&parent=3471"}],"wp:term":[{"taxonomy":"category","embeddable":true,"href":"https:\/\/kelmiskiams.lt\/index.php?rest_route=%2Fwp%2Fv2%2Fcategories&post=3471"},{"taxonomy":"post_tag","embeddable":true,"href":"https:\/\/kelmiskiams.lt\/index.php?rest_route=%2Fwp%2Fv2%2Ftags&post=3471"}],"curies":[{"name":"wp","href":"https:\/\/api.w.org\/{rel}","templated":true}]}}