{"id":3459,"date":"2025-01-20T06:28:06","date_gmt":"2025-01-20T06:28:06","guid":{"rendered":"https:\/\/kelmiskiams.lt\/?p=3459"},"modified":"2025-01-20T06:28:07","modified_gmt":"2025-01-20T06:28:07","slug":"nauja-knyga-kraziu-krastas","status":"publish","type":"post","link":"https:\/\/kelmiskiams.lt\/?p=3459","title":{"rendered":"Nauja knyga \u201eKra\u017ei\u0173 kra\u0161tas\u201c"},"content":{"rendered":"\n<p>Kra\u017ei\u0173 M. K. Sarbievijaus kult\u016bros centre pristatyta knyga \u201eKra\u017ei\u0173 kra\u0161tas\u201c. Knygos autoriai \u2013 Vytenis ir Junona Almonai\u010diai, renginio dalyviams papasakojo apie knygos gimimo id\u0117j\u0105, istorijas ir net pareng\u0117 trump\u0105 viktorin\u0105 \u201eAr pa\u017e\u012fsti Kra\u017ei\u0173 kra\u0161t\u0105?\u201c<br>Muzikin\u0119 dal\u012f atliko Kra\u017ei\u0173 M. K. Sarbievijaus kult\u016bros centro moter\u0173 vokalinis ansamblis \u201eVivace\u201c (vad. J. Gelumbickien\u0117). Sveikinimo \u017eod\u017eius autoriams skyr\u0117 Kelm\u0117s rajono savivaldyb\u0117s meras Ildefonsas Petkevi\u010dius, Kra\u017ei\u0173 seni\u016bnas Rolandas Kar\u010diauskas, Kra\u017ei\u0173 M. K. Sarbievijaus kult\u016bros centro direktor\u0117 Lina Mikalaj\u016bnait\u0117 ir kiti sveikintojai. <\/p>\n\n\n<div class=\"wp-block-image\">\n<figure class=\"aligncenter size-large\"><img decoding=\"async\" loading=\"lazy\" width=\"1024\" height=\"683\" src=\"https:\/\/kelmiskiams.lt\/wp-content\/uploads\/2025\/01\/IMG_7770-1-1024x683.jpg\" alt=\"\" class=\"wp-image-3462\" srcset=\"https:\/\/kelmiskiams.lt\/wp-content\/uploads\/2025\/01\/IMG_7770-1-1024x683.jpg 1024w, https:\/\/kelmiskiams.lt\/wp-content\/uploads\/2025\/01\/IMG_7770-1-300x200.jpg 300w, https:\/\/kelmiskiams.lt\/wp-content\/uploads\/2025\/01\/IMG_7770-1-768x512.jpg 768w, https:\/\/kelmiskiams.lt\/wp-content\/uploads\/2025\/01\/IMG_7770-1-1536x1024.jpg 1536w, https:\/\/kelmiskiams.lt\/wp-content\/uploads\/2025\/01\/IMG_7770-1-2048x1365.jpg 2048w\" sizes=\"(max-width: 1024px) 100vw, 1024px\" \/><\/figure><\/div>\n\n\n<p class=\"has-text-align-right\">Kelmi\u0161kiams.lt, Jono Lipskio nuotr.<\/p>\n","protected":false},"excerpt":{"rendered":"<p>Kra\u017ei\u0173 M. K. Sarbievijaus kult\u016bros centre pristatyta knyga \u201eKra\u017ei\u0173 kra\u0161tas\u201c. Knygos autoriai \u2013 Vytenis ir Junona Almonai\u010diai, renginio dalyviams papasakojo<\/p>\n","protected":false},"author":2,"featured_media":3460,"comment_status":"open","ping_status":"open","sticky":false,"template":"","format":"standard","meta":{"om_disable_all_campaigns":false,"_mi_skip_tracking":false},"categories":[7],"tags":[],"aioseo_notices":[],"_links":{"self":[{"href":"https:\/\/kelmiskiams.lt\/index.php?rest_route=\/wp\/v2\/posts\/3459"}],"collection":[{"href":"https:\/\/kelmiskiams.lt\/index.php?rest_route=\/wp\/v2\/posts"}],"about":[{"href":"https:\/\/kelmiskiams.lt\/index.php?rest_route=\/wp\/v2\/types\/post"}],"author":[{"embeddable":true,"href":"https:\/\/kelmiskiams.lt\/index.php?rest_route=\/wp\/v2\/users\/2"}],"replies":[{"embeddable":true,"href":"https:\/\/kelmiskiams.lt\/index.php?rest_route=%2Fwp%2Fv2%2Fcomments&post=3459"}],"version-history":[{"count":1,"href":"https:\/\/kelmiskiams.lt\/index.php?rest_route=\/wp\/v2\/posts\/3459\/revisions"}],"predecessor-version":[{"id":3463,"href":"https:\/\/kelmiskiams.lt\/index.php?rest_route=\/wp\/v2\/posts\/3459\/revisions\/3463"}],"wp:featuredmedia":[{"embeddable":true,"href":"https:\/\/kelmiskiams.lt\/index.php?rest_route=\/wp\/v2\/media\/3460"}],"wp:attachment":[{"href":"https:\/\/kelmiskiams.lt\/index.php?rest_route=%2Fwp%2Fv2%2Fmedia&parent=3459"}],"wp:term":[{"taxonomy":"category","embeddable":true,"href":"https:\/\/kelmiskiams.lt\/index.php?rest_route=%2Fwp%2Fv2%2Fcategories&post=3459"},{"taxonomy":"post_tag","embeddable":true,"href":"https:\/\/kelmiskiams.lt\/index.php?rest_route=%2Fwp%2Fv2%2Ftags&post=3459"}],"curies":[{"name":"wp","href":"https:\/\/api.w.org\/{rel}","templated":true}]}}