{"id":3453,"date":"2025-01-13T06:40:18","date_gmt":"2025-01-13T06:40:18","guid":{"rendered":"https:\/\/kelmiskiams.lt\/?p=3453"},"modified":"2025-01-13T06:40:18","modified_gmt":"2025-01-13T06:40:18","slug":"languose-suzibo-pergales-sviesa","status":"publish","type":"post","link":"https:\/\/kelmiskiams.lt\/?p=3453","title":{"rendered":"Languose su\u017eibo \u201ePergal\u0117s \u0161viesa\u201c"},"content":{"rendered":"\n<p>Pirmadienio ryt\u0105 \u012fstaig\u0173, organizacij\u0173 ir gyventoj\u0173 languose de\u0161im\u010diai minu\u010di\u0173 su\u017eibo vienyb\u0117s, atminimo ir pergal\u0117s \u017evakut\u0117s. Pilietine iniciatyva \u201ePergal\u0117s \u0161viesa\u201c prisimename 1991 met\u0173 saus\u012f, kai vienyb\u0117s ir laisv\u0117s siekio vedami Lietuvos pilie\u010diai pasiek\u0117 istorin\u0119 pergal\u0119. Tauta atsilaik\u0117 prie\u0161 sovietini\u0173 okupant\u0173 ir vietini\u0173 kolaborant\u0173 agresij\u0105, bandym\u0105 karine j\u0117ga \u012fvykdyti perversm\u0105 ir apgyn\u0117 atkurtos valstyb\u0117s Nepriklausomyb\u0119. Iniciatyvos simbolis \u2013 \u017evak\u0117, kuri simbolizuoja gyvyb\u0119, \u0161vies\u0105, teisingum\u0105, atmint\u012f ir vienyb\u0119.<\/p>\n\n\n\n<p>Vakar i\u0161kilmingas Laisv\u0117s gyn\u0117j\u0173 dienos min\u0117jimas vyko Kelm\u0117s Atgimimo aik\u0161t\u0117je, kur i\u0161kilmingai pakelta Lietuvos valstyb\u0117s v\u0117liava. V\u0117liau Kelm\u0117s kult\u016bros centro galerijoje surengtas jungtinis \u017demai\u010di\u0173 Kalvarijos  kult\u016bros centro choro \u201eAls\u0117da\u201c ir Kelm\u0117s kult\u016bros centro mi\u0161raus choro \u201eCantio\u201c koncertas <\/p>\n\n\n\n<p>Kelmi\u0161kiams.lt<\/p>\n","protected":false},"excerpt":{"rendered":"<p>Pirmadienio ryt\u0105 \u012fstaig\u0173, organizacij\u0173 ir gyventoj\u0173 languose de\u0161im\u010diai minu\u010di\u0173 su\u017eibo vienyb\u0117s, atminimo ir pergal\u0117s \u017evakut\u0117s. Pilietine iniciatyva \u201ePergal\u0117s \u0161viesa\u201c prisimename<\/p>\n","protected":false},"author":2,"featured_media":3455,"comment_status":"open","ping_status":"open","sticky":false,"template":"","format":"standard","meta":{"om_disable_all_campaigns":false,"_mi_skip_tracking":false},"categories":[4],"tags":[],"aioseo_notices":[],"_links":{"self":[{"href":"https:\/\/kelmiskiams.lt\/index.php?rest_route=\/wp\/v2\/posts\/3453"}],"collection":[{"href":"https:\/\/kelmiskiams.lt\/index.php?rest_route=\/wp\/v2\/posts"}],"about":[{"href":"https:\/\/kelmiskiams.lt\/index.php?rest_route=\/wp\/v2\/types\/post"}],"author":[{"embeddable":true,"href":"https:\/\/kelmiskiams.lt\/index.php?rest_route=\/wp\/v2\/users\/2"}],"replies":[{"embeddable":true,"href":"https:\/\/kelmiskiams.lt\/index.php?rest_route=%2Fwp%2Fv2%2Fcomments&post=3453"}],"version-history":[{"count":1,"href":"https:\/\/kelmiskiams.lt\/index.php?rest_route=\/wp\/v2\/posts\/3453\/revisions"}],"predecessor-version":[{"id":3456,"href":"https:\/\/kelmiskiams.lt\/index.php?rest_route=\/wp\/v2\/posts\/3453\/revisions\/3456"}],"wp:featuredmedia":[{"embeddable":true,"href":"https:\/\/kelmiskiams.lt\/index.php?rest_route=\/wp\/v2\/media\/3455"}],"wp:attachment":[{"href":"https:\/\/kelmiskiams.lt\/index.php?rest_route=%2Fwp%2Fv2%2Fmedia&parent=3453"}],"wp:term":[{"taxonomy":"category","embeddable":true,"href":"https:\/\/kelmiskiams.lt\/index.php?rest_route=%2Fwp%2Fv2%2Fcategories&post=3453"},{"taxonomy":"post_tag","embeddable":true,"href":"https:\/\/kelmiskiams.lt\/index.php?rest_route=%2Fwp%2Fv2%2Ftags&post=3453"}],"curies":[{"name":"wp","href":"https:\/\/api.w.org\/{rel}","templated":true}]}}