{"id":3437,"date":"2025-01-06T09:10:32","date_gmt":"2025-01-06T09:10:32","guid":{"rendered":"https:\/\/kelmiskiams.lt\/?p=3437"},"modified":"2025-01-06T09:16:05","modified_gmt":"2025-01-06T09:16:05","slug":"kraziuose-motiejaus-kazimiero-sarbievijaus-1634-m-leidinys","status":"publish","type":"post","link":"https:\/\/kelmiskiams.lt\/?p=3437","title":{"rendered":"Kra\u017eiuose \u2013 Motiejaus Kazimiero Sarbievijaus 1634 m. leidinys"},"content":{"rendered":"\n<p>2025 \u2013&nbsp;ieji&nbsp;LR Seimo paskelbti Motiejaus Kazimiero Sarbievijaus ir Baroko literat\u016bros metais. \u0160iais metais&nbsp;minimos vieno \u017eymiausi\u0173 Baroko epochos poeto&nbsp;dar vadinto&nbsp;Krik\u0161\u010dioni\u0173 Horacijumi\/Sarmat\u0173 Horacijumi&nbsp;430-osios&nbsp;gimimo ir 385-osios&nbsp;mirties metin\u0117s.<\/p>\n\n\n\n<p>Motiejus Kazimieras Sarbievijus (1595\u20131640) \u2013 j\u0117zuitas, Vilniaus universiteto profesorius,&nbsp;vienas \u017eymiausi\u0173 Baroko epochos lotyni\u0161kai ra\u0161iusi\u0173 poet\u0173,&nbsp;Romoje popie\u017eiaus Urbono VIII-ojo apdovanotas laur\u0173 vainiku kaip i\u0161kiliausias epochos poetas.&nbsp;Poezijos rinktin\u0117&nbsp;\u201eTrys lyrikos knygos\u201c (lot.&nbsp;<em>Lyricorum libris tres<\/em>), kuri i\u0161garsino jo vard\u0105 XVII a. Europoje ir \u012fvairiose Europos valstybi\u0173 leidyklose, buvo i\u0161leista apie 60 kart\u0173, o eil\u0117ra\u0161\u010diai buvo i\u0161versti \u012f lietuvi\u0173, angl\u0173, pranc\u016bz\u0173, ital\u0173, vokie\u010di\u0173, lenk\u0173, \u010dek\u0173 ir kt. kalbas.<\/p>\n\n\n\n<p>Su Kra\u017eiais \u0161i istorin\u0117 asmenyb\u0117 taip pat susijusi. 1617-1618 metais, tuometin\u0117je Kra\u017ei\u0173 j\u0117zuit\u0173 kolegijoje Motiejus Kazimieras Sarbievijus prad\u0117jo savo, kaip pedagogo karjer\u0105, d\u0117st\u0117 poetik\u0105.&nbsp;\u010cia jis prad\u0117jo ra\u0161yti&nbsp;ir&nbsp;pirmuosius eil\u0117ra\u0161\u010dius, posmais apdainavo Kra\u017eant\u0117s vingius, Med\u017eiokalnio gro\u017e\u012f. Jo garbei pavadinta viena i\u0161 Kra\u017ei\u0173 gatvi\u0173, o restauruotame buvusios Kra\u017ei\u0173 j\u0117zuit\u0173 kolegijos pastate \u012fsik\u016br\u0117 Motiejaus Kazimiero Sarbievijaus kult\u016bros centras.<\/p>\n\n\n\n<p>D\u017eiaugiam\u0117s, kad \u0161iuos ypatingus metus&nbsp;galime&nbsp;pasitikti&nbsp;su&nbsp;nauju eksponatu&nbsp;Kra\u017ei\u0173 M. K. Sarbievijaus kult\u016bros centro muziejuje. Tai&nbsp;M. K. Sarbievijaus&nbsp;poezija&nbsp;&#8211; \u201eLyricorum Libri Iv Epodon Lib. Vnvs \/ Alterq. \/ Epigrammatum.\u201c&nbsp;Antverpiae, ex officina Plantiniana Balthasaris Moreti, 1634. 236, (3).<\/p>\n\n\n\n<p>\u0160is, ne tik svarbus, bet ir savo dyd\u017eiu i\u0161siskiriantis leidinys muziejuje bus eksponuojamas nuo gegu\u017e\u0117s m\u0117nesio.<\/p>\n\n\n\n<p>\u201e&#8230;Tepaliks kiekvienas&nbsp;\u0161lov\u0119 po sav\u0119s&#8230;\u201c&nbsp;M. K. Sarbievijus \u201eOd\u0117 II, 2. Publijui Memijui\u201c (Vert\u0117 Eugenija Ul\u010dinait\u0117).&nbsp;<\/p>\n\n\n\n<p class=\"has-text-align-right\">Kelmi\u0161kiams.lt<\/p>\n\n\n<figure class=\"wp-block-post-featured-image\"><img width=\"1372\" height=\"508\" src=\"https:\/\/kelmiskiams.lt\/wp-content\/uploads\/2025\/01\/sarbievijaus-knygute-2-1.png\" class=\"attachment-post-thumbnail size-post-thumbnail wp-post-image\" alt=\"\" decoding=\"async\" loading=\"lazy\" srcset=\"https:\/\/kelmiskiams.lt\/wp-content\/uploads\/2025\/01\/sarbievijaus-knygute-2-1.png 1372w, https:\/\/kelmiskiams.lt\/wp-content\/uploads\/2025\/01\/sarbievijaus-knygute-2-1-300x111.png 300w, https:\/\/kelmiskiams.lt\/wp-content\/uploads\/2025\/01\/sarbievijaus-knygute-2-1-1024x379.png 1024w, https:\/\/kelmiskiams.lt\/wp-content\/uploads\/2025\/01\/sarbievijaus-knygute-2-1-768x284.png 768w\" sizes=\"(max-width: 1372px) 100vw, 1372px\" \/><\/figure>","protected":false},"excerpt":{"rendered":"<p>2025 \u2013&nbsp;ieji&nbsp;LR Seimo paskelbti Motiejaus Kazimiero Sarbievijaus ir Baroko literat\u016bros metais. \u0160iais metais&nbsp;minimos vieno \u017eymiausi\u0173 Baroko epochos poeto&nbsp;dar vadinto&nbsp;Krik\u0161\u010dioni\u0173 Horacijumi\/Sarmat\u0173<\/p>\n","protected":false},"author":2,"featured_media":3440,"comment_status":"open","ping_status":"open","sticky":false,"template":"","format":"standard","meta":{"om_disable_all_campaigns":false,"_mi_skip_tracking":false},"categories":[7],"tags":[],"aioseo_notices":[],"_links":{"self":[{"href":"https:\/\/kelmiskiams.lt\/index.php?rest_route=\/wp\/v2\/posts\/3437"}],"collection":[{"href":"https:\/\/kelmiskiams.lt\/index.php?rest_route=\/wp\/v2\/posts"}],"about":[{"href":"https:\/\/kelmiskiams.lt\/index.php?rest_route=\/wp\/v2\/types\/post"}],"author":[{"embeddable":true,"href":"https:\/\/kelmiskiams.lt\/index.php?rest_route=\/wp\/v2\/users\/2"}],"replies":[{"embeddable":true,"href":"https:\/\/kelmiskiams.lt\/index.php?rest_route=%2Fwp%2Fv2%2Fcomments&post=3437"}],"version-history":[{"count":2,"href":"https:\/\/kelmiskiams.lt\/index.php?rest_route=\/wp\/v2\/posts\/3437\/revisions"}],"predecessor-version":[{"id":3441,"href":"https:\/\/kelmiskiams.lt\/index.php?rest_route=\/wp\/v2\/posts\/3437\/revisions\/3441"}],"wp:featuredmedia":[{"embeddable":true,"href":"https:\/\/kelmiskiams.lt\/index.php?rest_route=\/wp\/v2\/media\/3440"}],"wp:attachment":[{"href":"https:\/\/kelmiskiams.lt\/index.php?rest_route=%2Fwp%2Fv2%2Fmedia&parent=3437"}],"wp:term":[{"taxonomy":"category","embeddable":true,"href":"https:\/\/kelmiskiams.lt\/index.php?rest_route=%2Fwp%2Fv2%2Fcategories&post=3437"},{"taxonomy":"post_tag","embeddable":true,"href":"https:\/\/kelmiskiams.lt\/index.php?rest_route=%2Fwp%2Fv2%2Ftags&post=3437"}],"curies":[{"name":"wp","href":"https:\/\/api.w.org\/{rel}","templated":true}]}}