{"id":3422,"date":"2025-01-03T10:42:47","date_gmt":"2025-01-03T10:42:47","guid":{"rendered":"https:\/\/kelmiskiams.lt\/?p=3422"},"modified":"2025-01-03T22:00:26","modified_gmt":"2025-01-03T22:00:26","slug":"savivaldybe-pagaliau-paskelbe-kelmes-seniuno-konkursa","status":"publish","type":"post","link":"https:\/\/kelmiskiams.lt\/?p=3422","title":{"rendered":"Savivaldyb\u0117 pagaliau paskelb\u0117 Kelm\u0117s seni\u016bno konkurs\u0105"},"content":{"rendered":"\n<p>Savivaldyb\u0117 pagaliau paskelb\u0117 konkurs\u0105 Kelm\u0117s miesto seni\u016bnijos seni\u016bno pareigoms u\u017eimti. Nors savivaldyb\u0117s meras dar pra\u0117jusi\u0173 met\u0173 liepos pabaigoje vyl\u0117si, kad seni\u016bnija vadov\u0105 tur\u0117s jau ruden\u012f, ta\u010diau informacija apie konkurs\u0105 atsirado tik po pusme\u010dio. Kelm\u0117s miesto seni\u016bnija be seni\u016bno dirba nuo pra\u0117jusi\u0173 met\u0173 bir\u017eelio pabaigos, kai po beveik 15 met\u0173 <a href=\"https:\/\/kelmiskiams.lt\/?p=3094\" target=\"_blank\" rel=\"noopener\" title=\"\">darbo j\u0105 paliko Romas Atko\u010daitis<\/a>. <\/p>\n\n\n\n<p>Kelm\u0117s rajono savivaldyb\u0117s skelbime seni\u016bno pareigoms u\u017eimti dideli\u0173 reikalavim\u0173 nekeliama, tad, tik\u0117tina, kad kandidat\u0173 bus ne vienas. Norintys dalyvauti konkurse turi tur\u0117ti vadybos arba ekonomikos krypties auk\u0161t\u0105j\u012f universitetin\u012f i\u0161silavinim\u0105 arba auk\u0161t\u0105j\u012f universitetin\u012f i\u0161silavinim\u0105 ir 5 met\u0173 darbo patirties srityje patirt\u012f, tur\u0117ti vairuotojo pa\u017eym\u0117jim\u0105 (B kategorija). Pretendentai taip pat turi atitikti Lietuvos Respublikos valstyb\u0117s tarnybos \u012fstatyme nustatytus pri\u0117mimo \u012f valstyb\u0117s tarnautoj\u0173 pareigas reikalavimus.<\/p>\n\n\n\n<p>Kaip skelbiama Valstyb\u0117s tarnybos portale, seni\u016bnui si\u016blomas 2678,10 eur\u0173 atlyginimas. Dokumentai \u012f konkurs\u0105 priimami iki sausio 17 dienos.<\/p>\n\n\n\n<p>Kol kas dar neskelbiamas konkursas Tytuv\u0117n\u0173 miesto seni\u016bnijos seni\u016bno pareigoms u\u017eimti. \u0160i seni\u016bnija <a href=\"https:\/\/kelmiskiams.lt\/?p=2851\" target=\"_blank\" rel=\"noopener\" title=\"\">be seni\u016bno dirba <\/a>nuo pra\u0117jusi\u0173 met\u0173 pavasario. <\/p>\n\n\n\n<p class=\"has-text-align-right\">Kelmi\u0161kiams.lt<\/p>\n","protected":false},"excerpt":{"rendered":"<p>Savivaldyb\u0117 pagaliau paskelb\u0117 konkurs\u0105 Kelm\u0117s miesto seni\u016bnijos seni\u016bno pareigoms u\u017eimti. Nors savivaldyb\u0117s meras dar pra\u0117jusi\u0173 met\u0173 liepos pabaigoje vyl\u0117si, kad<\/p>\n","protected":false},"author":2,"featured_media":1342,"comment_status":"open","ping_status":"open","sticky":false,"template":"","format":"standard","meta":{"om_disable_all_campaigns":false,"_mi_skip_tracking":false},"categories":[4],"tags":[],"aioseo_notices":[],"_links":{"self":[{"href":"https:\/\/kelmiskiams.lt\/index.php?rest_route=\/wp\/v2\/posts\/3422"}],"collection":[{"href":"https:\/\/kelmiskiams.lt\/index.php?rest_route=\/wp\/v2\/posts"}],"about":[{"href":"https:\/\/kelmiskiams.lt\/index.php?rest_route=\/wp\/v2\/types\/post"}],"author":[{"embeddable":true,"href":"https:\/\/kelmiskiams.lt\/index.php?rest_route=\/wp\/v2\/users\/2"}],"replies":[{"embeddable":true,"href":"https:\/\/kelmiskiams.lt\/index.php?rest_route=%2Fwp%2Fv2%2Fcomments&post=3422"}],"version-history":[{"count":3,"href":"https:\/\/kelmiskiams.lt\/index.php?rest_route=\/wp\/v2\/posts\/3422\/revisions"}],"predecessor-version":[{"id":3434,"href":"https:\/\/kelmiskiams.lt\/index.php?rest_route=\/wp\/v2\/posts\/3422\/revisions\/3434"}],"wp:featuredmedia":[{"embeddable":true,"href":"https:\/\/kelmiskiams.lt\/index.php?rest_route=\/wp\/v2\/media\/1342"}],"wp:attachment":[{"href":"https:\/\/kelmiskiams.lt\/index.php?rest_route=%2Fwp%2Fv2%2Fmedia&parent=3422"}],"wp:term":[{"taxonomy":"category","embeddable":true,"href":"https:\/\/kelmiskiams.lt\/index.php?rest_route=%2Fwp%2Fv2%2Fcategories&post=3422"},{"taxonomy":"post_tag","embeddable":true,"href":"https:\/\/kelmiskiams.lt\/index.php?rest_route=%2Fwp%2Fv2%2Ftags&post=3422"}],"curies":[{"name":"wp","href":"https:\/\/api.w.org\/{rel}","templated":true}]}}