{"id":3411,"date":"2024-12-21T13:34:56","date_gmt":"2024-12-21T13:34:56","guid":{"rendered":"https:\/\/kelmiskiams.lt\/?p=3411"},"modified":"2024-12-21T13:34:56","modified_gmt":"2024-12-21T13:34:56","slug":"kelmiskiams-ugniagesio-gelbetojo-zvaigzde","status":"publish","type":"post","link":"https:\/\/kelmiskiams.lt\/?p=3411","title":{"rendered":"Kelmi\u0161kiams &#8211; \u201eUgniagesio gelb\u0117tojo \u017evaig\u017ed\u0117\u201c"},"content":{"rendered":"\n<p>Prie\u0161gaisrin\u0117s apsaugos ir gelb\u0117jimo departamento prie VRM direktorius Renatas Po\u017e\u0117la, u\u017e nepriekai\u0161ting\u0105 ir pavyzding\u0105 tarnybini\u0173 pareig\u0173 atlikim\u0105 valstybin\u0117s prie\u0161gaisrin\u0117s gelb\u0117jimo tarnybos pasi\u017eym\u0117jimo \u017eenklu \u201eUgniagesio gelb\u0117tojo \u017evaig\u017ed\u0117\u201c apdovanojo Kelm\u0117s prie\u0161gaisrin\u0117s gelb\u0117jimo tarnybos budin\u010dios pamainos vyresn\u012fj\u012f ugniages\u012f gelb\u0117toj\u0105 vidaus tarnybos puskarinink\u012f Mari\u0173 Gedmin\u0105, \u0161ios tarnybos budin\u010dios pamainos skyrinink\u0105 vidaus tarnybos vyresn\u012fj\u012f puskarinink\u012f Andri\u0173 Samu\u0161\u012f.<\/p>\n\n\n\n<p class=\"has-text-align-right\">Kelmi\u0161kiams.lt<br><\/p>\n\n\n\n<p><\/p>\n","protected":false},"excerpt":{"rendered":"<p>Prie\u0161gaisrin\u0117s apsaugos ir gelb\u0117jimo departamento prie VRM direktorius Renatas Po\u017e\u0117la, u\u017e nepriekai\u0161ting\u0105 ir pavyzding\u0105 tarnybini\u0173 pareig\u0173 atlikim\u0105 valstybin\u0117s prie\u0161gaisrin\u0117s gelb\u0117jimo<\/p>\n","protected":false},"author":2,"featured_media":3412,"comment_status":"open","ping_status":"open","sticky":false,"template":"","format":"standard","meta":{"om_disable_all_campaigns":false,"_mi_skip_tracking":false},"categories":[4],"tags":[],"aioseo_notices":[],"_links":{"self":[{"href":"https:\/\/kelmiskiams.lt\/index.php?rest_route=\/wp\/v2\/posts\/3411"}],"collection":[{"href":"https:\/\/kelmiskiams.lt\/index.php?rest_route=\/wp\/v2\/posts"}],"about":[{"href":"https:\/\/kelmiskiams.lt\/index.php?rest_route=\/wp\/v2\/types\/post"}],"author":[{"embeddable":true,"href":"https:\/\/kelmiskiams.lt\/index.php?rest_route=\/wp\/v2\/users\/2"}],"replies":[{"embeddable":true,"href":"https:\/\/kelmiskiams.lt\/index.php?rest_route=%2Fwp%2Fv2%2Fcomments&post=3411"}],"version-history":[{"count":1,"href":"https:\/\/kelmiskiams.lt\/index.php?rest_route=\/wp\/v2\/posts\/3411\/revisions"}],"predecessor-version":[{"id":3413,"href":"https:\/\/kelmiskiams.lt\/index.php?rest_route=\/wp\/v2\/posts\/3411\/revisions\/3413"}],"wp:featuredmedia":[{"embeddable":true,"href":"https:\/\/kelmiskiams.lt\/index.php?rest_route=\/wp\/v2\/media\/3412"}],"wp:attachment":[{"href":"https:\/\/kelmiskiams.lt\/index.php?rest_route=%2Fwp%2Fv2%2Fmedia&parent=3411"}],"wp:term":[{"taxonomy":"category","embeddable":true,"href":"https:\/\/kelmiskiams.lt\/index.php?rest_route=%2Fwp%2Fv2%2Fcategories&post=3411"},{"taxonomy":"post_tag","embeddable":true,"href":"https:\/\/kelmiskiams.lt\/index.php?rest_route=%2Fwp%2Fv2%2Ftags&post=3411"}],"curies":[{"name":"wp","href":"https:\/\/api.w.org\/{rel}","templated":true}]}}