{"id":3371,"date":"2024-12-05T15:12:20","date_gmt":"2024-12-05T15:12:20","guid":{"rendered":"https:\/\/kelmiskiams.lt\/?p=3371"},"modified":"2024-12-05T15:12:42","modified_gmt":"2024-12-05T15:12:42","slug":"teismo-kelmes-rumuose-nauja-teiseja","status":"publish","type":"post","link":"https:\/\/kelmiskiams.lt\/?p=3371","title":{"rendered":"Teismo Kelm\u0117s r\u016bmuose \u2013 nauja teis\u0117ja"},"content":{"rendered":"\n<p>Lietuvos Respublikos Prezidentas Gitanas Naus\u0117da pasira\u0161\u0117 dekret\u0105 d\u0117l \u0160iauli\u0173 apylink\u0117s teismo Kelm\u0117s r\u016bm\u0173 teis\u0117jos Astos Benetyt\u0117s skyrimo bei pri\u0117m\u0117 jos priesaik\u0105. \u201eLietuvos Auk\u0161\u010diausiasis Teismas man visk\u0105 atidav\u0117 ir a\u0161 jam visk\u0105 atidaviau. Taip susiklosto, kad gyvenimas pasi\u016blo nauj\u0173 veikl\u0173\u201c, \u2013 sako \u0160iauli\u0173 apylink\u0117s teismo Kelm\u0117s r\u016bm\u0173 teis\u0117ja A. Benetyt\u0117, kuri prie\u0161 tai dirbo Lietuvos Auk\u0161\u010diausiame Teisme. Jame ji u\u017e\u0117m\u0117 Teis\u0117s tyrim\u0173 grup\u0117s konsultant\u0117s pareigas.<\/p>\n\n\n\n<p>Anot teis\u0117jos, Lietuvos Auk\u0161\u010diausiame Teisme ji dalyvavimo darbo grup\u0117se teismo administravimo veiklai gerinti, tarpinstituciniuose susitikimuose, skait\u0117 prane\u0161imus teismo sve\u010diams i\u0161 u\u017esienio, buvo mentor\u0117 naujiems teis\u0117j\u0173 pad\u0117j\u0117jams ir studentams praktikantams.<\/p>\n\n\n\n<p>Ji ne tik dirbo teisme, bet ir nuo 2022 m. rugs\u0117jo Mykolo Romerio universitete d\u0117st\u0117 studentams, reng\u0117 mokslinius straipsnius. 2023 m. ruden\u012f \u012fstojo \u012f Mykolo Romerio universiteto&nbsp; teis\u0117s mokslo krypties doktorant\u016br\u0105. Teisinink\u0117s mokslini\u0173 tyrim\u0173 kryptys yra teisinis argumentavimas, teis\u0117s ai\u0161kinimas.<\/p>\n\n\n\n<p>Teis\u0117ja A. Benetyt\u0117 2007 m. pati yra baigusi Mykolo Romerio universitet\u0105 ir \u012fgijusi teis\u0117s bakalauro kvalifikacin\u012f laipsn\u012f. 2009 m. Mykolo Romerio universitete jai buvo suteiktas teis\u0117s magistro kvalifikacinis laipsnis.<\/p>\n\n\n\n<p>Po studij\u0173 2009 m. A. Benetyt\u0117 \u012fsidarbino teis\u0117jo pad\u0117j\u0117ja tuometiniame Kai\u0161iadori\u0173 rajono apylink\u0117s teisme, kuriame dirbo beveik ketverius metus. Nuo 2013 m. vasario teisinink\u0117 prad\u0117jo dirbti Lietuvos Auk\u0161\u010diausiame Teisme, kur skirtingose pareigose nepertraukiamai dirbo iki 2020 m. gegu\u017e\u0117s. Paskutin\u0117s pareigos buvo Teis\u0117s tyrim\u0173 grup\u0117s teis\u0117jo vyresnioji pad\u0117j\u0117ja.&nbsp;<\/p>\n\n\n\n<p>Nuo 2020 m. gegu\u017e\u0117s 21 d. iki 2022 m. rugs\u0117jo 5 d. A. Benetyt\u0117 dirbo Vilniaus miesto apylink\u0117s teismo teis\u0117ja. Ji nagrin\u0117jo baud\u017eiam\u0105sias ir administracini\u0173 nusi\u017eengim\u0173 bylas. A. Benetyt\u0117 savo noru pasitrauk\u0117 i\u0161 pareig\u0173.<\/p>\n\n\n\n<p>Rytoj \u0160iauli\u0173 apylink\u0117s teismo pirmininkas Ernestas \u0160ukys nauj\u0105j\u0105 teis\u0117j\u0105 A. Benetyt\u0119 pristatys Kelm\u0117s r\u016bm\u0173 kolektyvui.<\/p>\n\n\n\n<p class=\"has-text-align-right\">Kelmi\u0161kiams.lt,<\/p>\n\n\n\n<p class=\"has-text-align-right\">Lietuvos Respublikos Prezidento kanceliarijos nuotrauka\/ Robertas Da\u010dkus<\/p>\n","protected":false},"excerpt":{"rendered":"<p>Lietuvos Respublikos Prezidentas Gitanas Naus\u0117da pasira\u0161\u0117 dekret\u0105 d\u0117l \u0160iauli\u0173 apylink\u0117s teismo Kelm\u0117s r\u016bm\u0173 teis\u0117jos Astos Benetyt\u0117s skyrimo bei pri\u0117m\u0117 jos<\/p>\n","protected":false},"author":2,"featured_media":3372,"comment_status":"open","ping_status":"open","sticky":false,"template":"","format":"standard","meta":{"om_disable_all_campaigns":false,"_mi_skip_tracking":false},"categories":[4],"tags":[],"aioseo_notices":[],"_links":{"self":[{"href":"https:\/\/kelmiskiams.lt\/index.php?rest_route=\/wp\/v2\/posts\/3371"}],"collection":[{"href":"https:\/\/kelmiskiams.lt\/index.php?rest_route=\/wp\/v2\/posts"}],"about":[{"href":"https:\/\/kelmiskiams.lt\/index.php?rest_route=\/wp\/v2\/types\/post"}],"author":[{"embeddable":true,"href":"https:\/\/kelmiskiams.lt\/index.php?rest_route=\/wp\/v2\/users\/2"}],"replies":[{"embeddable":true,"href":"https:\/\/kelmiskiams.lt\/index.php?rest_route=%2Fwp%2Fv2%2Fcomments&post=3371"}],"version-history":[{"count":2,"href":"https:\/\/kelmiskiams.lt\/index.php?rest_route=\/wp\/v2\/posts\/3371\/revisions"}],"predecessor-version":[{"id":3374,"href":"https:\/\/kelmiskiams.lt\/index.php?rest_route=\/wp\/v2\/posts\/3371\/revisions\/3374"}],"wp:featuredmedia":[{"embeddable":true,"href":"https:\/\/kelmiskiams.lt\/index.php?rest_route=\/wp\/v2\/media\/3372"}],"wp:attachment":[{"href":"https:\/\/kelmiskiams.lt\/index.php?rest_route=%2Fwp%2Fv2%2Fmedia&parent=3371"}],"wp:term":[{"taxonomy":"category","embeddable":true,"href":"https:\/\/kelmiskiams.lt\/index.php?rest_route=%2Fwp%2Fv2%2Fcategories&post=3371"},{"taxonomy":"post_tag","embeddable":true,"href":"https:\/\/kelmiskiams.lt\/index.php?rest_route=%2Fwp%2Fv2%2Ftags&post=3371"}],"curies":[{"name":"wp","href":"https:\/\/api.w.org\/{rel}","templated":true}]}}