{"id":3369,"date":"2024-12-04T20:35:49","date_gmt":"2024-12-04T20:35:49","guid":{"rendered":"https:\/\/kelmiskiams.lt\/?p=3369"},"modified":"2024-12-04T20:35:49","modified_gmt":"2024-12-04T20:35:49","slug":"vtek-meras-pazeide-istatyma","status":"publish","type":"post","link":"https:\/\/kelmiskiams.lt\/?p=3369","title":{"rendered":"VTEK: meras pa\u017eeid\u0117 \u012fstatym\u0105"},"content":{"rendered":"\n<p>Tre\u010diadien\u012f Vyriausioji tarnybin\u0117s etikos komisija pripa\u017eino, kad Kelm\u0117s rajono savivaldyb\u0117s meras Ildefonsas Petkevi\u010dius, 2024 m. kovo 21 d. tarybos pos\u0117dyje parei\u0161k\u0119s apie nusi\u0161alinim\u0105, bet likdamas pos\u0117d\u017ei\u0173 sal\u0117je ir teikdamas savo nuomon\u0119 (bandydamas paveikti) svarstant klausim\u0105\u00a0<em>D\u0117l prioritetin\u0117s \u017evyrkeli\u0173 ruo\u017e\u0173 asfaltavimo Kelm\u0117s rajono savivaldyb\u0117je eil\u0117s patvirtinimo<\/em>\u00a0bei pasira\u0161ydamas pos\u0117d\u017eio protokol\u0105, veik\u0117 interes\u0173 konflikto situacijoje, nes klausimas buvo susij\u0119s su jo paties ir jam artimo asmens priva\u010diais interesais.\u00a0Tokiais savo veiksmais I. Petkevi\u010dius pa\u017eeid\u0117 Vie\u0161\u0173j\u0173 ir priva\u010di\u0173 interes\u0173 derinimo \u012fstatym\u0105.\u00a0<\/p>\n\n\n\n<p>Tyrimo metu nustatyta, kad su Kelio Nr. 2121 ruo\u017eais, minimais sprendimo projekte, tiesiogiai ribojasi I. Petkevi\u010diui ir jo artimam asmeniui bei j\u0173 valdomai bendrovei priklausantys \u017eem\u0117s sklypai. Tod\u0117l VTEK vertina, kad klausimas, kur\u012f svarst\u0117 ir d\u0117l kurio balsavo savivaldyb\u0117s taryba, pagr\u012fstai laikytinas tiesiogiai susijusiu su mero I. Petkevi\u010diaus ir jam artimo asmens priva\u010diais interesais. Meras tur\u0117jo asmenin\u012f suinteresuotum\u0105 sprendimu, d\u0117l to negal\u0117jo likti objektyvus ir ne\u0161ali\u0161kas. Jis tur\u0117jo prie\u0161 svarstom\u0105 klausim\u0105 pareik\u0161ti nusi\u0161alinim\u0105 ir toliau nedalyvauti tokio sprendimo pri\u0117mimo proced\u016brose. Ta\u010diau tinkamai nenusi\u0161alino, liko pos\u0117d\u017ei\u0173 sal\u0117je ir teik\u0117 savo nuomon\u0119 savivaldyb\u0117s tarybai svarstant sprendimo projekt\u0105. Be to, pasira\u0161\u0117 \u0161io pos\u0117d\u017eio protokol\u0105.\u00a0<\/p>\n\n\n\n<p>VTEK tyrimo metu taip pat nustat\u0117, jog I. Petkevi\u010dius savo priva\u010di\u0173 interes\u0173 deklaracijoje n\u0117ra deklarav\u0119s, kad yra bendrov\u0117s, kurios sklypas yra \u0161alia svarstyto kelio,\u00a0valdybos narys. Atsi\u017evelgdama \u012f tai, jog\u00a0 Vie\u0161\u0173j\u0173 ir priva\u010di\u0173 interes\u0173 derinimo \u012fstatyme \u012ftvirtinta pareiga deklaruojan\u010diam asmeniui savo priva\u010di\u0173 interes\u0173 deklaracijoje nurodyti darboviet\u0119 (darbovietes) ir pareigas (status\u0105), d\u0117l kuri\u0173 privalo deklaruoti priva\u010dius interesus, taip pat kitas darbovietes ir (ar) einamas pareigas, VTEK nusprend\u0117 I. Petkevi\u010diui si\u0173sti nurodym\u0105 papildyti priva\u010di\u0173 interes\u0173 deklaracij\u0105 min\u0117tais duomenimis.<br><\/p>\n\n\n\n<p class=\"has-text-align-right\">Kelmi\u0161kiams.lt<\/p>\n\n\n\n<p><\/p>\n","protected":false},"excerpt":{"rendered":"<p>Tre\u010diadien\u012f Vyriausioji tarnybin\u0117s etikos komisija pripa\u017eino, kad Kelm\u0117s rajono savivaldyb\u0117s meras Ildefonsas Petkevi\u010dius, 2024 m. kovo 21 d. tarybos pos\u0117dyje<\/p>\n","protected":false},"author":2,"featured_media":2002,"comment_status":"open","ping_status":"open","sticky":false,"template":"","format":"standard","meta":{"om_disable_all_campaigns":false,"_mi_skip_tracking":false},"categories":[4],"tags":[],"aioseo_notices":[],"_links":{"self":[{"href":"https:\/\/kelmiskiams.lt\/index.php?rest_route=\/wp\/v2\/posts\/3369"}],"collection":[{"href":"https:\/\/kelmiskiams.lt\/index.php?rest_route=\/wp\/v2\/posts"}],"about":[{"href":"https:\/\/kelmiskiams.lt\/index.php?rest_route=\/wp\/v2\/types\/post"}],"author":[{"embeddable":true,"href":"https:\/\/kelmiskiams.lt\/index.php?rest_route=\/wp\/v2\/users\/2"}],"replies":[{"embeddable":true,"href":"https:\/\/kelmiskiams.lt\/index.php?rest_route=%2Fwp%2Fv2%2Fcomments&post=3369"}],"version-history":[{"count":1,"href":"https:\/\/kelmiskiams.lt\/index.php?rest_route=\/wp\/v2\/posts\/3369\/revisions"}],"predecessor-version":[{"id":3370,"href":"https:\/\/kelmiskiams.lt\/index.php?rest_route=\/wp\/v2\/posts\/3369\/revisions\/3370"}],"wp:featuredmedia":[{"embeddable":true,"href":"https:\/\/kelmiskiams.lt\/index.php?rest_route=\/wp\/v2\/media\/2002"}],"wp:attachment":[{"href":"https:\/\/kelmiskiams.lt\/index.php?rest_route=%2Fwp%2Fv2%2Fmedia&parent=3369"}],"wp:term":[{"taxonomy":"category","embeddable":true,"href":"https:\/\/kelmiskiams.lt\/index.php?rest_route=%2Fwp%2Fv2%2Fcategories&post=3369"},{"taxonomy":"post_tag","embeddable":true,"href":"https:\/\/kelmiskiams.lt\/index.php?rest_route=%2Fwp%2Fv2%2Ftags&post=3369"}],"curies":[{"name":"wp","href":"https:\/\/api.w.org\/{rel}","templated":true}]}}