{"id":3359,"date":"2024-11-28T07:09:11","date_gmt":"2024-11-28T07:09:11","guid":{"rendered":"https:\/\/kelmiskiams.lt\/?p=3359"},"modified":"2024-11-28T07:09:13","modified_gmt":"2024-11-28T07:09:13","slug":"prisieke-naujoji-tarybos-nare","status":"publish","type":"post","link":"https:\/\/kelmiskiams.lt\/?p=3359","title":{"rendered":"Prisiek\u0117 naujoji Tarybos nar\u0117"},"content":{"rendered":"\n<p>Ketvirtadienio Rajono tarybos pos\u0117d\u017eio prad\u017eioje prisiek\u0117 naujoji Tarybos nar\u0117 Irma Vaup\u0161ien\u0117. Politik\u0117 priesaik\u0105 dav\u0117 po to, kai Tarybos nario mandato atsisak\u0117 vicemero pareig\u0173 siekiantis Tadas Kasparas. Nors Tarybos nario viet\u0105 tur\u0117jo u\u017eimti toliau rinkim\u0173 s\u0105ra\u0161e esantis Tomas Adomaitis, ta\u010diau jis mandato atsisak\u0117. V\u0117liau \u0161iandienos pos\u0117dyje taip pat bus balsuojama d\u0117l vicemero skyrimo. <\/p>\n\n\n\n<p class=\"has-text-align-right\">Kelmi\u0161kiams.lt<\/p>\n","protected":false},"excerpt":{"rendered":"<p>Ketvirtadienio Rajono tarybos pos\u0117d\u017eio prad\u017eioje prisiek\u0117 naujoji Tarybos nar\u0117 Irma Vaup\u0161ien\u0117. Politik\u0117 priesaik\u0105 dav\u0117 po to, kai Tarybos nario mandato<\/p>\n","protected":false},"author":2,"featured_media":3360,"comment_status":"open","ping_status":"open","sticky":false,"template":"","format":"standard","meta":{"om_disable_all_campaigns":false,"_mi_skip_tracking":false},"categories":[4],"tags":[],"aioseo_notices":[],"_links":{"self":[{"href":"https:\/\/kelmiskiams.lt\/index.php?rest_route=\/wp\/v2\/posts\/3359"}],"collection":[{"href":"https:\/\/kelmiskiams.lt\/index.php?rest_route=\/wp\/v2\/posts"}],"about":[{"href":"https:\/\/kelmiskiams.lt\/index.php?rest_route=\/wp\/v2\/types\/post"}],"author":[{"embeddable":true,"href":"https:\/\/kelmiskiams.lt\/index.php?rest_route=\/wp\/v2\/users\/2"}],"replies":[{"embeddable":true,"href":"https:\/\/kelmiskiams.lt\/index.php?rest_route=%2Fwp%2Fv2%2Fcomments&post=3359"}],"version-history":[{"count":1,"href":"https:\/\/kelmiskiams.lt\/index.php?rest_route=\/wp\/v2\/posts\/3359\/revisions"}],"predecessor-version":[{"id":3361,"href":"https:\/\/kelmiskiams.lt\/index.php?rest_route=\/wp\/v2\/posts\/3359\/revisions\/3361"}],"wp:featuredmedia":[{"embeddable":true,"href":"https:\/\/kelmiskiams.lt\/index.php?rest_route=\/wp\/v2\/media\/3360"}],"wp:attachment":[{"href":"https:\/\/kelmiskiams.lt\/index.php?rest_route=%2Fwp%2Fv2%2Fmedia&parent=3359"}],"wp:term":[{"taxonomy":"category","embeddable":true,"href":"https:\/\/kelmiskiams.lt\/index.php?rest_route=%2Fwp%2Fv2%2Fcategories&post=3359"},{"taxonomy":"post_tag","embeddable":true,"href":"https:\/\/kelmiskiams.lt\/index.php?rest_route=%2Fwp%2Fv2%2Ftags&post=3359"}],"curies":[{"name":"wp","href":"https:\/\/api.w.org\/{rel}","templated":true}]}}