{"id":3314,"date":"2024-10-25T16:28:29","date_gmt":"2024-10-25T16:28:29","guid":{"rendered":"https:\/\/kelmiskiams.lt\/?p=3314"},"modified":"2024-10-25T16:28:29","modified_gmt":"2024-10-25T16:28:29","slug":"isdalinti-apdovanojimai-rajono-verslininkams","status":"publish","type":"post","link":"https:\/\/kelmiskiams.lt\/?p=3314","title":{"rendered":"I\u0161dalinti apdovanojimai rajono verslininkams"},"content":{"rendered":"\n<p>Penktadienio vakar\u0105 Ma\u017eajame dvare vyko vis\u0105 savait\u0119 trukusios verslo savait\u0117s baigiamasis renginys \u2013 konferencija ir verslinink\u0173 apdovanojimai. B\u016brys rajono verslo atstov\u0173 ir sve\u010di\u0173 klaus\u0117si UAB \u201eReichmann Communications\u201c vadovo Giedriaus Drukteinio prane\u0161imo \u201eEtikos dilemos \u0161iuolaikiniame versle: i\u0161\u0161\u016bkiai ir galimyb\u0117s\u201c, verslo bendruomen\u0119 sveikino savivaldyb\u0117s administracijos, Kelm\u0117s rajono verslinink\u0173 asociacijos, Kelm\u0117s turizmo ir verslo informacijos centro, Lietuvos darbdavi\u0173 konfederacijos, U\u017eimtumo tarnybos ir Kelm\u0117s rajono \u016bkinink\u0173 s\u0105jungos atstovai. <\/p>\n\n\n\n<p>U\u017eimtumo tarnybos \u0160iauli\u0173 departamento Kelm\u0117s skyriaus ved\u0117jas \u017dydr\u016bnas \u0160apalas apdovanojimus \u012fteik\u0117 UAB \u201eRonelda\u201c u\u017e aktyv\u0173 bendradarbiavim\u0105 \u012fgyvendinant aktyvios darbo rinko politikos priemones bei UAB Smartech LT u\u017e nuolatin\u012f bendradarbiavim\u0105 siekiant tvaraus u\u017eimtumo.<\/p>\n\n\n\n<p>Kaip ir kasmet, pagrindinis renginio akcentas \u2013 tradiciniai Verslinink\u0173 asociacijos apdovanojimai. \u0160iemet nominacija u\u017e s\u0117kming\u0105 versl\u0105, svarias investicijas \u012f verslo pl\u0117tr\u0105 ir Kelm\u0117s miesto gra\u017einim\u0105 atiteko Donatos Volbekien\u0117s UAB. Giedriaus Naviko \u012fmon\u0117 apdovanota u\u017e s\u0117kming\u0105 versl\u0105 ir jo pl\u0117tojim\u0105, o Vaido Sej\u016bno vairavimo mokykla, UAB \u2013 u\u017e ilgamet\u012f versl\u0105 ir investicijas \u012f jo pl\u0117tr\u0105. UAB \u201e\u017demaira\u201c direktor\u0117 Au\u0161ra Stanelien\u0117 atsi\u0117m\u0117 apdovanojim\u0105 u\u017e ilgamet\u012f verslo pl\u0117tojim\u0105. \u0160i bendrov\u0117 veikl\u0105 vykdo jau tris de\u0161imtme\u010dius.<\/p>\n\n\n\n<p>Kelm\u0117s verslinink\u0173 asociacija u\u017e organizacijos starto inicijavim\u0105 bei aktyvi\u0105 veikl\u0105 apdovanojo \u017einomus rajono verslininkus Petr\u0105 Ra\u010dkausk\u0105 ir Marijon\u0105 Jok\u0161ien\u0119. UAB \u201e\u017davi id\u0117ja\u201c 30 met\u0173 veiklos vykdymo proga pasveikinta bendrov\u0117s direktor\u0117 Vilma Butrimavi\u010dien\u0117, o dvide\u0161imtme\u010dio \u2013<strong> <\/strong>UAB \u201eEdvitada\u201c direktorius \u017dygaudas Andrijauskas. U\u017e iniciatyvas asociacijos veikloje pad\u0117kota Eugenijai Min\u010dinauskienei, Janinai Po\u0161kienei, Rimai Ku\u010dinskienei, Remigijui Grigai\u010diui, Aurelijui Levickiui. U\u017e \u0161i\u0173 met\u0173 verslo dien\u0173 baigiam\u0105j\u012f rengin\u012f pad\u0117kota Ma\u017eojo dvaro savininkui Albertui Margiui.<\/p>\n\n\n\n<p class=\"has-text-align-right\">Kelmi\u0161kiams.lt, Kelm\u0117s turizmo ir verslo informacijos centro nuotr.<\/p>\n","protected":false},"excerpt":{"rendered":"<p>Penktadienio vakar\u0105 Ma\u017eajame dvare vyko vis\u0105 savait\u0119 trukusios verslo savait\u0117s baigiamasis renginys \u2013 konferencija ir verslinink\u0173 apdovanojimai. B\u016brys rajono verslo<\/p>\n","protected":false},"author":2,"featured_media":3315,"comment_status":"open","ping_status":"open","sticky":false,"template":"","format":"standard","meta":{"om_disable_all_campaigns":false,"_mi_skip_tracking":false},"categories":[4],"tags":[],"aioseo_notices":[],"_links":{"self":[{"href":"https:\/\/kelmiskiams.lt\/index.php?rest_route=\/wp\/v2\/posts\/3314"}],"collection":[{"href":"https:\/\/kelmiskiams.lt\/index.php?rest_route=\/wp\/v2\/posts"}],"about":[{"href":"https:\/\/kelmiskiams.lt\/index.php?rest_route=\/wp\/v2\/types\/post"}],"author":[{"embeddable":true,"href":"https:\/\/kelmiskiams.lt\/index.php?rest_route=\/wp\/v2\/users\/2"}],"replies":[{"embeddable":true,"href":"https:\/\/kelmiskiams.lt\/index.php?rest_route=%2Fwp%2Fv2%2Fcomments&post=3314"}],"version-history":[{"count":1,"href":"https:\/\/kelmiskiams.lt\/index.php?rest_route=\/wp\/v2\/posts\/3314\/revisions"}],"predecessor-version":[{"id":3316,"href":"https:\/\/kelmiskiams.lt\/index.php?rest_route=\/wp\/v2\/posts\/3314\/revisions\/3316"}],"wp:featuredmedia":[{"embeddable":true,"href":"https:\/\/kelmiskiams.lt\/index.php?rest_route=\/wp\/v2\/media\/3315"}],"wp:attachment":[{"href":"https:\/\/kelmiskiams.lt\/index.php?rest_route=%2Fwp%2Fv2%2Fmedia&parent=3314"}],"wp:term":[{"taxonomy":"category","embeddable":true,"href":"https:\/\/kelmiskiams.lt\/index.php?rest_route=%2Fwp%2Fv2%2Fcategories&post=3314"},{"taxonomy":"post_tag","embeddable":true,"href":"https:\/\/kelmiskiams.lt\/index.php?rest_route=%2Fwp%2Fv2%2Ftags&post=3314"}],"curies":[{"name":"wp","href":"https:\/\/api.w.org\/{rel}","templated":true}]}}