{"id":3294,"date":"2024-10-22T06:21:29","date_gmt":"2024-10-22T06:21:29","guid":{"rendered":"https:\/\/kelmiskiams.lt\/?p=3294"},"modified":"2024-10-22T06:21:30","modified_gmt":"2024-10-22T06:21:30","slug":"begimas-kelme-grauzikai","status":"publish","type":"post","link":"https:\/\/kelmiskiams.lt\/?p=3294","title":{"rendered":"B\u0117gimas \u201eKelm\u0117-Grau\u017eikai\u201c"},"content":{"rendered":"\n<p>Tradicinis b\u0117gimas \u201eKelm\u0117-Grau\u017eikai\u201c tampa tarptautiniu. \u0160iemet b\u0117gime dalyvavo per 280 sportinink\u0173 i\u0161 Kelm\u0117s, \u0160iauli\u0173, Klaip\u0117dos, Kauno, Vilniaus, Vilkavi\u0161kio, \u017dagar\u0117s, Marijampol\u0117s, Ventos, K\u0117daini\u0173, Pakruojo, \u0160ilal\u0117s, Tel\u0161i\u0173 miest\u0173 bei rajon\u0173. B\u0117gime, kur\u012f organizavo Kelm\u0117s sporto centras, taip pat var\u017e\u0117si dalyviai i\u0161 Latvijos ir Ukrainos. <\/p>\n\n\n\n<p>\u201eLabai smagu, kad vis daugiau sportinink\u0173 dalyvauja b\u0117gime ir lieka maloniai nustebinti \u0161iuo renginiu.  Prie sklandaus renginio organizavimo prisideda ir Kelm\u0117s sporto centro bendruomen\u0117. D\u017eiaugiam\u0117s renginio r\u0117m\u0117j\u0173 parama\u201c, \u2013  sako Kelm\u0117s sporto centro direktoriaus pavaduotoja ir ne vien\u0105 b\u0117gik\u0105 i\u0161ugd\u017eiusi trener\u0117 Laura Balsyt\u0117.<\/p>\n\n\n\n<p class=\"has-text-align-right\">Kelmi\u0161kiams.lt, organizatori\u0173 nuotr.<\/p>\n","protected":false},"excerpt":{"rendered":"<p>Tradicinis b\u0117gimas \u201eKelm\u0117-Grau\u017eikai\u201c tampa tarptautiniu. \u0160iemet b\u0117gime dalyvavo per 280 sportinink\u0173 i\u0161 Kelm\u0117s, \u0160iauli\u0173, Klaip\u0117dos, Kauno, Vilniaus, Vilkavi\u0161kio, \u017dagar\u0117s, Marijampol\u0117s,<\/p>\n","protected":false},"author":2,"featured_media":3295,"comment_status":"open","ping_status":"open","sticky":false,"template":"","format":"standard","meta":{"om_disable_all_campaigns":false,"_mi_skip_tracking":false},"categories":[6],"tags":[],"aioseo_notices":[],"_links":{"self":[{"href":"https:\/\/kelmiskiams.lt\/index.php?rest_route=\/wp\/v2\/posts\/3294"}],"collection":[{"href":"https:\/\/kelmiskiams.lt\/index.php?rest_route=\/wp\/v2\/posts"}],"about":[{"href":"https:\/\/kelmiskiams.lt\/index.php?rest_route=\/wp\/v2\/types\/post"}],"author":[{"embeddable":true,"href":"https:\/\/kelmiskiams.lt\/index.php?rest_route=\/wp\/v2\/users\/2"}],"replies":[{"embeddable":true,"href":"https:\/\/kelmiskiams.lt\/index.php?rest_route=%2Fwp%2Fv2%2Fcomments&post=3294"}],"version-history":[{"count":1,"href":"https:\/\/kelmiskiams.lt\/index.php?rest_route=\/wp\/v2\/posts\/3294\/revisions"}],"predecessor-version":[{"id":3296,"href":"https:\/\/kelmiskiams.lt\/index.php?rest_route=\/wp\/v2\/posts\/3294\/revisions\/3296"}],"wp:featuredmedia":[{"embeddable":true,"href":"https:\/\/kelmiskiams.lt\/index.php?rest_route=\/wp\/v2\/media\/3295"}],"wp:attachment":[{"href":"https:\/\/kelmiskiams.lt\/index.php?rest_route=%2Fwp%2Fv2%2Fmedia&parent=3294"}],"wp:term":[{"taxonomy":"category","embeddable":true,"href":"https:\/\/kelmiskiams.lt\/index.php?rest_route=%2Fwp%2Fv2%2Fcategories&post=3294"},{"taxonomy":"post_tag","embeddable":true,"href":"https:\/\/kelmiskiams.lt\/index.php?rest_route=%2Fwp%2Fv2%2Ftags&post=3294"}],"curies":[{"name":"wp","href":"https:\/\/api.w.org\/{rel}","templated":true}]}}