{"id":3271,"date":"2024-10-11T08:05:21","date_gmt":"2024-10-11T08:05:21","guid":{"rendered":"https:\/\/kelmiskiams.lt\/?p=3271"},"modified":"2024-10-11T08:05:22","modified_gmt":"2024-10-11T08:05:22","slug":"tarptautine-darbo-ir-poilsio-stovykla-vokietijoje","status":"publish","type":"post","link":"https:\/\/kelmiskiams.lt\/?p=3271","title":{"rendered":"Tarptautin\u0117 darbo ir poilsio stovykla Vokietijoje"},"content":{"rendered":"\n<p>Kelm\u0117s rajono bendrojo lavinimo mokykl\u0173 vyresni\u0173j\u0173 klasi\u0173 mokiniai i\u0161 Kelm\u0117s \u201eAukuro\u201c pagrindin\u0117s mokyklos, Kelm\u0117s Jono Grai\u010di\u016bno, Pakra\u017ean\u010dio ir Tytuv\u0117n\u0173 gimnazij\u0173 ir juos lydintys mokytojai bei mokykl\u0173 vadovai dalyvavo tarptautin\u0117je darbo ir poilsio stovykloje Bad Salzungene Vokietijoje. Kartu su kelmi\u0161kiais stovykloje dalyvavo mokini\u0173 grup\u0117s i\u0161 \u010cekijos, Lenkijos, Vengrijos, Indonezijos, Vokietijos. Kelm\u0117s ir Vartburgo rajon\u0173 savivaldybes jau dvide\u0161imt dvejus metus sieja gra\u017ei partneryst\u0117. Kelm\u0117s \u201eAukuro\u201c pagrindin\u0117 mokykla yra pasira\u0161iusi bendradarbiavimo sutart\u012f su Vartburgo rajono Dermbacho pagrindine mokykla, Kelm\u0117s Jono Grai\u010di\u016bno ir Bad Zalcungeno gimnazijos nuo\u0161ird\u017eiai bendradarbiauja jau daugel\u012f met\u0173.<\/p>\n\n\n\n<p>Stovyklos dalyviams organizuota \u012fdomi programa. Veiklos vyko tarptautin\u0117se grup\u0117se, tod\u0117l labai greitai visi stovyklos dalyviai tapo viena bendra komanda. Didelis d\u0117mesys buvo skirtas istorijos atminimui vie\u0161inti ir jaunimo pilieti\u0161kumui ugdyti. Aplankyta Buchenvaldo koncentracijos stovykla, karin\u0117 amerikie\u010di\u0173 baz\u0117 Alpha Point, \u0161altojo karo laik\u0173 muziejus. Mokiniai dalyvavo filmo \u201eTai lieka visam laikui\u201c premjeroje. Film\u0105 suk\u016br\u0117 stovyklos organizatori\u0173 komanda kartu su mokiniais, k\u016br\u0117jai kalba apie istorijos pamokas ne tik mokyklose, bet ir muziejuose, pokalbiuose su am\u017eininkais. Mokiniai pabr\u0117\u017e\u0117, kad tyrin\u0117dami istorijos faktus patys labiau suvokia \u017emoni\u0173 likimus ir skaud\u017eias istorijos pamokas, kurios palie\u010dia kiekvieno \u0161ird\u012f.<\/p>\n\n\n\n<p>Mokiniai susipa\u017eino su Bad Zalcungeno miestu, Erfurto senamies\u010dio architekt\u016bra, Oktoberfesto muge. Nei\u0161dildom\u0105 \u012fsp\u016bd\u012f paliko ekskursija \u012f Merkers drusk\u0173 kasykl\u0105, vien\u0105 did\u017eiausi\u0173 kalio druskos kasykl\u0173 pasaulyje, kur 800 metr\u0173 gylyje \u012frengta koncert\u0173 sal\u0117, senieji legendiniai Reicho aukso lobynai, mil\u017eini\u0161ko druskos kristalo grota. Aplankyta viena i\u0161 geriausiai i\u0161silaikiusi\u0173 Vokietijos viduram\u017ei\u0173 pili\u0173, kurioje gyveno Martynas Liuteris ir \u012f vokie\u010di\u0173 kalb\u0105 vert\u0117 <a href=\"https:\/\/lt.wikipedia.org\/wiki\/Naujasis_Testamentas\">Nauj\u0105j\u012f Testament\u0105<\/a>, ne kart\u0105 lank\u0117si i\u0161kilus vokie\u010di\u0173 poetas J. V. G\u0117t\u0117, kitos \u012f\u017eymios asmenyb\u0117s.<\/p>\n\n\n\n<p>Tarptautin\u012f rengin\u012f r\u0117m\u0117 Vartburgo apskrities savivaldyb\u0117 bei vietos verslininkai, mokini\u0173 kelion\u0119 \u012f Vokietij\u0105 finansavo Kelm\u0117s rajono savivaldyb\u0117. \u0160iuo ypatingu Kelm\u0117s rajono savivaldyb\u0117s prizu buvo apdovanoti mokiniai, stropiai besimokantys vokie\u010di\u0173 kalbos, aktyviai dalyvav\u0119 tradicin\u0117s vokie\u010di\u0173 kalbos \u0161vent\u0117s renginiuose, konkursuose, s\u0117kmingai i\u0161laik\u0119 tarptautinius vokie\u010di\u0173 kalbos egzaminus.<\/p>\n","protected":false},"excerpt":{"rendered":"<p>Kelm\u0117s rajono bendrojo lavinimo mokykl\u0173 vyresni\u0173j\u0173 klasi\u0173 mokiniai i\u0161 Kelm\u0117s \u201eAukuro\u201c pagrindin\u0117s mokyklos, Kelm\u0117s Jono Grai\u010di\u016bno, Pakra\u017ean\u010dio ir Tytuv\u0117n\u0173 gimnazij\u0173<\/p>\n","protected":false},"author":2,"featured_media":3272,"comment_status":"open","ping_status":"open","sticky":false,"template":"","format":"standard","meta":{"om_disable_all_campaigns":false,"_mi_skip_tracking":false},"categories":[8],"tags":[],"aioseo_notices":[],"_links":{"self":[{"href":"https:\/\/kelmiskiams.lt\/index.php?rest_route=\/wp\/v2\/posts\/3271"}],"collection":[{"href":"https:\/\/kelmiskiams.lt\/index.php?rest_route=\/wp\/v2\/posts"}],"about":[{"href":"https:\/\/kelmiskiams.lt\/index.php?rest_route=\/wp\/v2\/types\/post"}],"author":[{"embeddable":true,"href":"https:\/\/kelmiskiams.lt\/index.php?rest_route=\/wp\/v2\/users\/2"}],"replies":[{"embeddable":true,"href":"https:\/\/kelmiskiams.lt\/index.php?rest_route=%2Fwp%2Fv2%2Fcomments&post=3271"}],"version-history":[{"count":1,"href":"https:\/\/kelmiskiams.lt\/index.php?rest_route=\/wp\/v2\/posts\/3271\/revisions"}],"predecessor-version":[{"id":3273,"href":"https:\/\/kelmiskiams.lt\/index.php?rest_route=\/wp\/v2\/posts\/3271\/revisions\/3273"}],"wp:featuredmedia":[{"embeddable":true,"href":"https:\/\/kelmiskiams.lt\/index.php?rest_route=\/wp\/v2\/media\/3272"}],"wp:attachment":[{"href":"https:\/\/kelmiskiams.lt\/index.php?rest_route=%2Fwp%2Fv2%2Fmedia&parent=3271"}],"wp:term":[{"taxonomy":"category","embeddable":true,"href":"https:\/\/kelmiskiams.lt\/index.php?rest_route=%2Fwp%2Fv2%2Fcategories&post=3271"},{"taxonomy":"post_tag","embeddable":true,"href":"https:\/\/kelmiskiams.lt\/index.php?rest_route=%2Fwp%2Fv2%2Ftags&post=3271"}],"curies":[{"name":"wp","href":"https:\/\/api.w.org\/{rel}","templated":true}]}}