{"id":3214,"date":"2024-09-24T07:35:53","date_gmt":"2024-09-24T07:35:53","guid":{"rendered":"https:\/\/kelmiskiams.lt\/?p=3214"},"modified":"2024-09-24T07:35:54","modified_gmt":"2024-09-24T07:35:54","slug":"k-bilius-apskunde-vrk-sprendima-teismui","status":"publish","type":"post","link":"https:\/\/kelmiskiams.lt\/?p=3214","title":{"rendered":"K.Bilius apskund\u0117 VRK sprendim\u0105 teismui"},"content":{"rendered":"\n<p>Seimo rinkimuose ketin\u0119s dalyvauti Kelm\u0117s rajono vicemeras K\u0119stutis Bilius apskund\u0117 Vyriausiosios rinkim\u0173 komisijos (VRK) sprendim\u0105 pa\u0161alinti jo registracij\u0105 Seimo rinkimuose, nes kandidato anketoje nenurod\u0117 bendradarbiavimo su KGB.  K. Bilius bendradarbiavim\u0105 su KGB kategori\u0161kai neigia. <\/p>\n\n\n\n<p>\u201ePatvirtiname, jog 2024 m. rugs\u0117jo 24 d. Lietuvos vyriausiajame administraciniame teisme (LVAT) buvo gautas K. Biliaus skundas d\u0117l VRK sprendimo dalies panaikinimo\u201c, \u2013 Kelmi\u0161kiams.lt sak\u0117 Lietuvos vyriausiojo administracinio teismo Teisinio bendradarbiavimo ir komunikacijos skyriaus teisininko pad\u0117j\u0117ja Kamil\u0117 Arba\u010diauskait\u0117.<\/p>\n\n\n\n<p>Rinkim\u0173 kodeksas numato, kad skundas turi b\u016bti i\u0161nagrin\u0117tas ne v\u0117liau kaip per 3 dienas nuo jo gavimo dienos. Lietuvos vyriausiojo administracinio teismo sprendimas \u012fsiteis\u0117ja nuo jo paskelbimo dienos.<\/p>\n\n\n\n<p class=\"has-text-align-right\">Kelmi\u0161kiams.lt, asociatyvi Pexels.com nuotr.<\/p>\n","protected":false},"excerpt":{"rendered":"<p>Seimo rinkimuose ketin\u0119s dalyvauti Kelm\u0117s rajono vicemeras K\u0119stutis Bilius apskund\u0117 Vyriausiosios rinkim\u0173 komisijos (VRK) sprendim\u0105 pa\u0161alinti jo registracij\u0105 Seimo rinkimuose,<\/p>\n","protected":false},"author":2,"featured_media":2665,"comment_status":"open","ping_status":"open","sticky":false,"template":"","format":"standard","meta":{"om_disable_all_campaigns":false,"_mi_skip_tracking":false},"categories":[4],"tags":[],"aioseo_notices":[],"_links":{"self":[{"href":"https:\/\/kelmiskiams.lt\/index.php?rest_route=\/wp\/v2\/posts\/3214"}],"collection":[{"href":"https:\/\/kelmiskiams.lt\/index.php?rest_route=\/wp\/v2\/posts"}],"about":[{"href":"https:\/\/kelmiskiams.lt\/index.php?rest_route=\/wp\/v2\/types\/post"}],"author":[{"embeddable":true,"href":"https:\/\/kelmiskiams.lt\/index.php?rest_route=\/wp\/v2\/users\/2"}],"replies":[{"embeddable":true,"href":"https:\/\/kelmiskiams.lt\/index.php?rest_route=%2Fwp%2Fv2%2Fcomments&post=3214"}],"version-history":[{"count":1,"href":"https:\/\/kelmiskiams.lt\/index.php?rest_route=\/wp\/v2\/posts\/3214\/revisions"}],"predecessor-version":[{"id":3215,"href":"https:\/\/kelmiskiams.lt\/index.php?rest_route=\/wp\/v2\/posts\/3214\/revisions\/3215"}],"wp:featuredmedia":[{"embeddable":true,"href":"https:\/\/kelmiskiams.lt\/index.php?rest_route=\/wp\/v2\/media\/2665"}],"wp:attachment":[{"href":"https:\/\/kelmiskiams.lt\/index.php?rest_route=%2Fwp%2Fv2%2Fmedia&parent=3214"}],"wp:term":[{"taxonomy":"category","embeddable":true,"href":"https:\/\/kelmiskiams.lt\/index.php?rest_route=%2Fwp%2Fv2%2Fcategories&post=3214"},{"taxonomy":"post_tag","embeddable":true,"href":"https:\/\/kelmiskiams.lt\/index.php?rest_route=%2Fwp%2Fv2%2Ftags&post=3214"}],"curies":[{"name":"wp","href":"https:\/\/api.w.org\/{rel}","templated":true}]}}