{"id":3209,"date":"2024-09-21T05:10:09","date_gmt":"2024-09-21T05:10:09","guid":{"rendered":"https:\/\/kelmiskiams.lt\/?p=3209"},"modified":"2024-09-21T05:10:09","modified_gmt":"2024-09-21T05:10:09","slug":"apdovanoti-graziausiu-sodybu-seimininkai","status":"publish","type":"post","link":"https:\/\/kelmiskiams.lt\/?p=3209","title":{"rendered":"Apdovanoti gra\u017eiausi\u0173 sodyb\u0173 \u0161eimininkai"},"content":{"rendered":"\n<p>Kelm\u0117s kult\u016bros centro Juozo Liaudanskio dail\u0117s galerijoje vyko Kelm\u0117s rajono savivaldyb\u0117s Vienkiemi\u0173, gyvenvie\u010di\u0173 ir miest\u0173 gra\u017eiausi\u0173 sodyb\u0173 ap\u017ei\u016bros-konkurso baigiamasis renginys.<\/p>\n\n\n\n<p>Kelm\u0117s rajono savivaldyb\u0117s meras Ildefonsas Petkevi\u010dius pad\u0117kos ra\u0161tais ir dovan\u0173 kuponais apdovanojo ap\u017ei\u016bros-konkurso nugal\u0117tojus miest\u0173 sodyb\u0173, vienkiemi\u0173 ir gyvenvie\u010di\u0173 sodyb\u0173 kategorijose. Savivaldyb\u0117s atminimo dovanomis buvo apdovanoti visi konkurse dalyvav\u0119 sodyb\u0173 ir vienkiemi\u0173 \u0161eimininkai.<\/p>\n\n\n\n<p>Apdovanoti gra\u017eiausi\u0173 sodyb\u0173 ap\u017ei\u016bros-konkurso nugal\u0117tojai:<\/p>\n\n\n\n<p>\u2013 Daiva ir Gintautas \u010cepauskai, I vietos laim\u0117tojai Miest\u0173 sodyb\u0173 kategorijoje;<\/p>\n\n\n\n<p>\u2013 Vanda ir Antanas Jok\u0161ai, II vietos laim\u0117tojai Miest\u0173 sodyb\u0173 kategorijoje;<\/p>\n\n\n\n<p>\u2013 Regina Kara\u0161auskyt\u0117, III vietos laim\u0117toja Miest\u0173 sodyb\u0173 kategorijoje;<\/p>\n\n\n\n<p>\u2013 Alma \u0160limien\u0117 ir John Steven Quantrill, I vietos laim\u0117tojai Vienkiemi\u0173 kategorijoje;<\/p>\n\n\n\n<p>\u2013 Jurgita ir Ram\u016bnas Biliai, II vietos laim\u0117tojai Vienkiemi\u0173 kategorijoje;<\/p>\n\n\n\n<p>\u2013 Diana ir Romualdas Krencevi\u010diai, III vietos laim\u0117tojai Vienkiemi\u0173 kategorijoje;<\/p>\n\n\n\n<p>\u2013 Kristina ir Saulius Zagurskai, I vietos laim\u0117tojai Gyvenvie\u010di\u0173 sodyb\u0173 kategorijoje;<\/p>\n\n\n\n<p>\u2013 Janina ir Petras Misiai, II vietos laim\u0117tojai Gyvenvie\u010di\u0173 sodyb\u0173 kategorijoje;<\/p>\n\n\n\n<p>\u2013 Elena Strelkauskien\u0117, III vietos laim\u0117toja Gyvenvie\u010di\u0173 sodyb\u0173 kategorijoje.<\/p>\n\n\n\n<p class=\"has-text-align-right\">Kelmi\u0161kiams.lt<\/p>\n","protected":false},"excerpt":{"rendered":"<p>Kelm\u0117s kult\u016bros centro Juozo Liaudanskio dail\u0117s galerijoje vyko Kelm\u0117s rajono savivaldyb\u0117s Vienkiemi\u0173, gyvenvie\u010di\u0173 ir miest\u0173 gra\u017eiausi\u0173 sodyb\u0173 ap\u017ei\u016bros-konkurso baigiamasis renginys.<\/p>\n","protected":false},"author":2,"featured_media":3210,"comment_status":"open","ping_status":"open","sticky":false,"template":"","format":"standard","meta":{"om_disable_all_campaigns":false,"_mi_skip_tracking":false},"categories":[4],"tags":[],"aioseo_notices":[],"_links":{"self":[{"href":"https:\/\/kelmiskiams.lt\/index.php?rest_route=\/wp\/v2\/posts\/3209"}],"collection":[{"href":"https:\/\/kelmiskiams.lt\/index.php?rest_route=\/wp\/v2\/posts"}],"about":[{"href":"https:\/\/kelmiskiams.lt\/index.php?rest_route=\/wp\/v2\/types\/post"}],"author":[{"embeddable":true,"href":"https:\/\/kelmiskiams.lt\/index.php?rest_route=\/wp\/v2\/users\/2"}],"replies":[{"embeddable":true,"href":"https:\/\/kelmiskiams.lt\/index.php?rest_route=%2Fwp%2Fv2%2Fcomments&post=3209"}],"version-history":[{"count":1,"href":"https:\/\/kelmiskiams.lt\/index.php?rest_route=\/wp\/v2\/posts\/3209\/revisions"}],"predecessor-version":[{"id":3211,"href":"https:\/\/kelmiskiams.lt\/index.php?rest_route=\/wp\/v2\/posts\/3209\/revisions\/3211"}],"wp:featuredmedia":[{"embeddable":true,"href":"https:\/\/kelmiskiams.lt\/index.php?rest_route=\/wp\/v2\/media\/3210"}],"wp:attachment":[{"href":"https:\/\/kelmiskiams.lt\/index.php?rest_route=%2Fwp%2Fv2%2Fmedia&parent=3209"}],"wp:term":[{"taxonomy":"category","embeddable":true,"href":"https:\/\/kelmiskiams.lt\/index.php?rest_route=%2Fwp%2Fv2%2Fcategories&post=3209"},{"taxonomy":"post_tag","embeddable":true,"href":"https:\/\/kelmiskiams.lt\/index.php?rest_route=%2Fwp%2Fv2%2Ftags&post=3209"}],"curies":[{"name":"wp","href":"https:\/\/api.w.org\/{rel}","templated":true}]}}