{"id":3202,"date":"2024-09-20T16:18:25","date_gmt":"2024-09-20T16:18:25","guid":{"rendered":"https:\/\/kelmiskiams.lt\/?p=3202"},"modified":"2024-09-20T16:18:25","modified_gmt":"2024-09-20T16:18:25","slug":"vrk-panaikino-k-biliaus-registracija-seimo-rinkimuose","status":"publish","type":"post","link":"https:\/\/kelmiskiams.lt\/?p=3202","title":{"rendered":"VRK panaikino K.Biliaus registracij\u0105 Seimo rinkimuose"},"content":{"rendered":"\n<p>Vyriausioji rinkim\u0173 komisija (VRK) penktadienio vakar\u0105 panaikino Kelm\u0117s rajono savivaldyb\u0117s vicemero K\u0119stu\u010dio Biliaus kandidato Seimo rinkimuose registracij\u0105. Tok\u012f sprendim\u0105 VRK nariai pri\u0117m\u0117 po to, kai gavo informacij\u0105 i\u0161 Lietuvos gyventoj\u0173 genocido ir rezistencijos tyrimo centro, kad du kandidatai nenurod\u0117 s\u0105moningai bendradarbiav\u0119 su buvusios SSRS specialiosiomis tarnybomis. Reikalavimas nurodyti yra keliamas nepriklausomai nuo to, ar asmuo yra prisipa\u017ein\u0119s nevie\u0161ai, ar faktas apie j\u0173 bendradarbiavim\u0105 su buvusios SSRS specialiosiomis tarnybomis yra skelbiamas vie\u0161ai.<\/p>\n\n\n\n<p>K.Bilius VRK pos\u0117dyje tikino niekada su KGB nebendradarbiav\u0119s, o susidariusi\u0105 situacij\u0105 \u012fvardijo kaip nepavyd\u0117tin\u0105. Ilgametis rajono politikas, kuris ne syk\u012f keit\u0117 partijas, VRK nariams sak\u0117, kad gal jam ne\u017einant KGB veiklai jo duomenis panaudojo prie\u0161 ketvirt\u012f am\u017eiaus mir\u0119s brolis. Ne pirm\u0105 kart\u0105 \u012fvairiuose rinkimuose kandidatuojantis K. Bilius \u0161\u012f kart\u0105  ketino kandidatuoti \u0160iauli\u0173 Saul\u0117s vienmandat\u0117je rinkim\u0173 apygardoje ir daugiamandat\u0117s rinkim\u0173 apygardos partijos \u201eNemuno au\u0161ra\u201c s\u0105ra\u0161e. K. Bilius tikino VRK sprendim\u0105 sk\u0173siantis teismui. Sprendimui apsk\u0173sti skiriamos trys dienos.<\/p>\n\n\n\n<p>Seimo rinkimai vyks spalio 13 d. <\/p>\n\n\n\n<p class=\"has-text-align-right\">Kelmi\u0161kiams.lt<\/p>\n\n\n\n<figure class=\"wp-block-image size-large\"><img decoding=\"async\" loading=\"lazy\" width=\"1024\" height=\"473\" src=\"https:\/\/kelmiskiams.lt\/wp-content\/uploads\/2024\/09\/IMG_2713-1024x473.png\" alt=\"\" class=\"wp-image-3207\" srcset=\"https:\/\/kelmiskiams.lt\/wp-content\/uploads\/2024\/09\/IMG_2713-1024x473.png 1024w, https:\/\/kelmiskiams.lt\/wp-content\/uploads\/2024\/09\/IMG_2713-300x139.png 300w, https:\/\/kelmiskiams.lt\/wp-content\/uploads\/2024\/09\/IMG_2713-768x355.png 768w, https:\/\/kelmiskiams.lt\/wp-content\/uploads\/2024\/09\/IMG_2713-1536x710.png 1536w, https:\/\/kelmiskiams.lt\/wp-content\/uploads\/2024\/09\/IMG_2713-2048x946.png 2048w\" sizes=\"(max-width: 1024px) 100vw, 1024px\" \/><figcaption class=\"wp-element-caption\">VRK pos\u0117dyje panaikinta K. Biliaus kandidato registracija Seimo rinkimuose<\/figcaption><\/figure>\n","protected":false},"excerpt":{"rendered":"<p>Vyriausioji rinkim\u0173 komisija (VRK) penktadienio vakar\u0105 panaikino Kelm\u0117s rajono savivaldyb\u0117s vicemero K\u0119stu\u010dio Biliaus kandidato Seimo rinkimuose registracij\u0105. Tok\u012f sprendim\u0105 VRK<\/p>\n","protected":false},"author":2,"featured_media":3051,"comment_status":"open","ping_status":"open","sticky":false,"template":"","format":"standard","meta":{"om_disable_all_campaigns":false,"_mi_skip_tracking":false},"categories":[4],"tags":[],"aioseo_notices":[],"_links":{"self":[{"href":"https:\/\/kelmiskiams.lt\/index.php?rest_route=\/wp\/v2\/posts\/3202"}],"collection":[{"href":"https:\/\/kelmiskiams.lt\/index.php?rest_route=\/wp\/v2\/posts"}],"about":[{"href":"https:\/\/kelmiskiams.lt\/index.php?rest_route=\/wp\/v2\/types\/post"}],"author":[{"embeddable":true,"href":"https:\/\/kelmiskiams.lt\/index.php?rest_route=\/wp\/v2\/users\/2"}],"replies":[{"embeddable":true,"href":"https:\/\/kelmiskiams.lt\/index.php?rest_route=%2Fwp%2Fv2%2Fcomments&post=3202"}],"version-history":[{"count":2,"href":"https:\/\/kelmiskiams.lt\/index.php?rest_route=\/wp\/v2\/posts\/3202\/revisions"}],"predecessor-version":[{"id":3208,"href":"https:\/\/kelmiskiams.lt\/index.php?rest_route=\/wp\/v2\/posts\/3202\/revisions\/3208"}],"wp:featuredmedia":[{"embeddable":true,"href":"https:\/\/kelmiskiams.lt\/index.php?rest_route=\/wp\/v2\/media\/3051"}],"wp:attachment":[{"href":"https:\/\/kelmiskiams.lt\/index.php?rest_route=%2Fwp%2Fv2%2Fmedia&parent=3202"}],"wp:term":[{"taxonomy":"category","embeddable":true,"href":"https:\/\/kelmiskiams.lt\/index.php?rest_route=%2Fwp%2Fv2%2Fcategories&post=3202"},{"taxonomy":"post_tag","embeddable":true,"href":"https:\/\/kelmiskiams.lt\/index.php?rest_route=%2Fwp%2Fv2%2Ftags&post=3202"}],"curies":[{"name":"wp","href":"https:\/\/api.w.org\/{rel}","templated":true}]}}