{"id":3194,"date":"2024-09-23T06:44:10","date_gmt":"2024-09-23T06:44:10","guid":{"rendered":"https:\/\/kelmiskiams.lt\/?p=3194"},"modified":"2024-09-23T06:44:11","modified_gmt":"2024-09-23T06:44:11","slug":"savivaldybes-meras-vel-etikos-sargu-akiratyje","status":"publish","type":"post","link":"https:\/\/kelmiskiams.lt\/?p=3194","title":{"rendered":"Savivaldyb\u0117s meras \u2013 v\u0117l etikos sarg\u0173 akiratyje"},"content":{"rendered":"\n<p>Vyriausioji tarnybin\u0117s etikos komisija (VTEK) tirs, ar Kelm\u0117s rajono savivaldyb\u0117s meras Ildefonsas Petkevi\u010dius papuol\u0117 \u012f interes\u0173 konflikt\u0105.\u00a0Tyrimas prad\u0117tas susipa\u017einus su Savivaldyb\u0117s tarybos Etikos komisijos sprendimu ir abejojant d\u0117l galimo netinkamo \u012fstatymo taikymo. Tyrimo prad\u0117jimas savaime nerei\u0161kia \u012fstatymo nuostat\u0173 pa\u017eeidimo.<\/p>\n\n\n\n<p>Kelm\u0117s rajono meras \u00a0\u0161i\u0173 met\u0173 kovo 21 dienos Savivaldyb\u0117s tarybos pos\u0117dyje parei\u0161k\u0117 apie nusi\u0161alinim\u0105, ta\u010diau liko pos\u0117d\u017ei\u0173 sal\u0117je bei teik\u0117 savo nuomon\u0119 ir pasi\u016blymus svarstant klausim\u0105 d\u0117l prioritetin\u0117s \u017evyrkeli\u0173 ruo\u017e\u0173 asfaltavimo Kelm\u0117s \u00a0rajono savivaldyb\u0117je eil\u0117s.  \u0160is klausimas gal\u0117jo b\u016bti susij\u0119s su paties I. Petkevi\u010diaus ir jam artimo asmens priva\u010diais interesais. Komisija ai\u0161kinsis, ar tinkamai nenusi\u0161alindamas, I. Petkevi\u010dius nepa\u017eeid\u0117 Vie\u0161\u0173j\u0173 ir priva\u010di\u0173 interes\u0173 derinimo \u012fstatymo \u00a0reikalavim\u0173, \u012fpareigojan\u010di\u0173 vengti interes\u0173 konflikto ir elgtis taip, kad nekilt\u0173 abejoni\u0173, jog toks konfliktas yra, o interes\u0173 konfliktui kilus \u2013 nusi\u0161alinti.\u00a0<\/p>\n\n\n\n<p>VTEK taip pat ai\u0161kinsis, ar meras, pasira\u0161ydamas tarybos pos\u0117d\u017eio protokol\u0105, galimai susijus\u012f su savo ir jam artimo asmens priva\u010diais interesais ir nuo \u0161i\u0173 veiksm\u0173 nenusi\u0161alindamas,nepakliuvo \u012f interes\u0173 konflikto situacij\u0105.\u00a0<\/p>\n\n\n\n<p>Savivaldyb\u0117s vadovas VTEK prad\u0117t\u0105 tyrim\u0105 sieja su netrukus vyksian\u010diais Seimo rinkimais. Priminsime, kad pavasar\u012f VTEK pri\u0117m\u0117 sprendim\u0105, kad s<a href=\"https:\/\/kelmiskiams.lt\/?p=2981\" target=\"_blank\" rel=\"noopener\" title=\"\">avivaldyb\u0117s vadovas pa\u017eeid\u0117 vie\u0161\u0173j\u0173 ir priva\u010di\u0173 interes\u0173 derinimo \u012fstatym\u0105<\/a>. \u0160\u012f VTEK sprendim\u0105 meras apskund\u0117 teismui. <\/p>\n\n\n\n<p class=\"has-text-align-right\">Kelmi\u0161kiams.lt<\/p>\n","protected":false},"excerpt":{"rendered":"<p>Vyriausioji tarnybin\u0117s etikos komisija (VTEK) tirs, ar Kelm\u0117s rajono savivaldyb\u0117s meras Ildefonsas Petkevi\u010dius papuol\u0117 \u012f interes\u0173 konflikt\u0105.\u00a0Tyrimas prad\u0117tas susipa\u017einus su<\/p>\n","protected":false},"author":2,"featured_media":2982,"comment_status":"open","ping_status":"open","sticky":false,"template":"","format":"standard","meta":{"om_disable_all_campaigns":false,"_mi_skip_tracking":false},"categories":[4],"tags":[],"aioseo_notices":[],"_links":{"self":[{"href":"https:\/\/kelmiskiams.lt\/index.php?rest_route=\/wp\/v2\/posts\/3194"}],"collection":[{"href":"https:\/\/kelmiskiams.lt\/index.php?rest_route=\/wp\/v2\/posts"}],"about":[{"href":"https:\/\/kelmiskiams.lt\/index.php?rest_route=\/wp\/v2\/types\/post"}],"author":[{"embeddable":true,"href":"https:\/\/kelmiskiams.lt\/index.php?rest_route=\/wp\/v2\/users\/2"}],"replies":[{"embeddable":true,"href":"https:\/\/kelmiskiams.lt\/index.php?rest_route=%2Fwp%2Fv2%2Fcomments&post=3194"}],"version-history":[{"count":2,"href":"https:\/\/kelmiskiams.lt\/index.php?rest_route=\/wp\/v2\/posts\/3194\/revisions"}],"predecessor-version":[{"id":3212,"href":"https:\/\/kelmiskiams.lt\/index.php?rest_route=\/wp\/v2\/posts\/3194\/revisions\/3212"}],"wp:featuredmedia":[{"embeddable":true,"href":"https:\/\/kelmiskiams.lt\/index.php?rest_route=\/wp\/v2\/media\/2982"}],"wp:attachment":[{"href":"https:\/\/kelmiskiams.lt\/index.php?rest_route=%2Fwp%2Fv2%2Fmedia&parent=3194"}],"wp:term":[{"taxonomy":"category","embeddable":true,"href":"https:\/\/kelmiskiams.lt\/index.php?rest_route=%2Fwp%2Fv2%2Fcategories&post=3194"},{"taxonomy":"post_tag","embeddable":true,"href":"https:\/\/kelmiskiams.lt\/index.php?rest_route=%2Fwp%2Fv2%2Ftags&post=3194"}],"curies":[{"name":"wp","href":"https:\/\/api.w.org\/{rel}","templated":true}]}}