{"id":3103,"date":"2024-07-09T06:28:59","date_gmt":"2024-07-09T06:28:59","guid":{"rendered":"https:\/\/kelmiskiams.lt\/?p=3103"},"modified":"2024-07-09T06:29:37","modified_gmt":"2024-07-09T06:29:37","slug":"namo-sugrizo-cempionato-prizininkas","status":"publish","type":"post","link":"https:\/\/kelmiskiams.lt\/?p=3103","title":{"rendered":"Namo sugr\u012f\u017eo \u010dempionato prizininkas"},"content":{"rendered":"\n<p>Savaitgal\u012f Europos imtyni\u0173 jaunimo \u010dempionate bronzos medal\u012f i\u0161kovojus\u012f kelmi\u0161k\u012f Pauli\u0173 Le\u0161\u010dausk\u0105 i\u0161kilmingai pasitiko artimieji, treneris Nerijus Peleckis, Kelm\u0117s sporto centro direktorius, gimin\u0117s ir gausus komandos draug\u0173 b\u016brys. Kaip skelbia Lietuvos imtyni\u0173 federacija, Europos prizinink\u0105 pasveikino Lietuvos imtyni\u0173 federacijos vadovas Giedrius Dambrauskas, kuris pasid\u017eiaug\u0117 kelmi\u0161ki\u0173 pasiekimais ir vyl\u0117si, jog j\u0173 pramintais takais \u017eengs ir kit\u0173 \u0161alies imtyni\u0173 centr\u0173 aukl\u0117tiniai.<\/p>\n\n\n\n<p>Kelmi\u0161kis Europos jaunimo \u010dempionate lemiamoje imtyje d\u0117l bronzos apdovanojimo paskutin\u0117mis sekund\u0117mis rezultatu 4:3 i\u0161pl\u0117\u0161\u0117 pergal\u0119 i\u0161 pirmavusio \u0161alies agresor\u0117s sportininko Dzmitry Lukashuko.<\/p>\n\n\n\n<p class=\"has-text-align-right\">Kelmi\u0161kiams.lt, Lietuvos imtyni\u0173 federacijos nuotr.<\/p>\n\n\n<div class=\"wp-block-image\">\n<figure class=\"aligncenter size-large\"><img decoding=\"async\" loading=\"lazy\" width=\"1024\" height=\"593\" src=\"https:\/\/kelmiskiams.lt\/wp-content\/uploads\/2024\/07\/P7080033-1024x593.jpg\" alt=\"\" class=\"wp-image-3105\" srcset=\"https:\/\/kelmiskiams.lt\/wp-content\/uploads\/2024\/07\/P7080033-1024x593.jpg 1024w, https:\/\/kelmiskiams.lt\/wp-content\/uploads\/2024\/07\/P7080033-300x174.jpg 300w, https:\/\/kelmiskiams.lt\/wp-content\/uploads\/2024\/07\/P7080033-768x444.jpg 768w, https:\/\/kelmiskiams.lt\/wp-content\/uploads\/2024\/07\/P7080033.jpg 1348w\" sizes=\"(max-width: 1024px) 100vw, 1024px\" \/><figcaption class=\"wp-element-caption\">Kelmi\u0161k\u012f pasitiko gausus artim\u0173j\u0173 ir bi\u010diuli\u0173 b\u016brys. <em>Lietuvos imtyni\u0173 federacijos, imtynes.lt nuotr.<\/em><\/figcaption><\/figure><\/div>","protected":false},"excerpt":{"rendered":"<p>Savaitgal\u012f Europos imtyni\u0173 jaunimo \u010dempionate bronzos medal\u012f i\u0161kovojus\u012f kelmi\u0161k\u012f Pauli\u0173 Le\u0161\u010dausk\u0105 i\u0161kilmingai pasitiko artimieji, treneris Nerijus Peleckis, Kelm\u0117s sporto centro<\/p>\n","protected":false},"author":2,"featured_media":3104,"comment_status":"open","ping_status":"open","sticky":false,"template":"","format":"standard","meta":{"om_disable_all_campaigns":false,"_mi_skip_tracking":false},"categories":[4],"tags":[],"aioseo_notices":[],"_links":{"self":[{"href":"https:\/\/kelmiskiams.lt\/index.php?rest_route=\/wp\/v2\/posts\/3103"}],"collection":[{"href":"https:\/\/kelmiskiams.lt\/index.php?rest_route=\/wp\/v2\/posts"}],"about":[{"href":"https:\/\/kelmiskiams.lt\/index.php?rest_route=\/wp\/v2\/types\/post"}],"author":[{"embeddable":true,"href":"https:\/\/kelmiskiams.lt\/index.php?rest_route=\/wp\/v2\/users\/2"}],"replies":[{"embeddable":true,"href":"https:\/\/kelmiskiams.lt\/index.php?rest_route=%2Fwp%2Fv2%2Fcomments&post=3103"}],"version-history":[{"count":1,"href":"https:\/\/kelmiskiams.lt\/index.php?rest_route=\/wp\/v2\/posts\/3103\/revisions"}],"predecessor-version":[{"id":3106,"href":"https:\/\/kelmiskiams.lt\/index.php?rest_route=\/wp\/v2\/posts\/3103\/revisions\/3106"}],"wp:featuredmedia":[{"embeddable":true,"href":"https:\/\/kelmiskiams.lt\/index.php?rest_route=\/wp\/v2\/media\/3104"}],"wp:attachment":[{"href":"https:\/\/kelmiskiams.lt\/index.php?rest_route=%2Fwp%2Fv2%2Fmedia&parent=3103"}],"wp:term":[{"taxonomy":"category","embeddable":true,"href":"https:\/\/kelmiskiams.lt\/index.php?rest_route=%2Fwp%2Fv2%2Fcategories&post=3103"},{"taxonomy":"post_tag","embeddable":true,"href":"https:\/\/kelmiskiams.lt\/index.php?rest_route=%2Fwp%2Fv2%2Ftags&post=3103"}],"curies":[{"name":"wp","href":"https:\/\/api.w.org\/{rel}","templated":true}]}}