{"id":3049,"date":"2024-06-10T06:56:38","date_gmt":"2024-06-10T06:56:38","guid":{"rendered":"https:\/\/kelmiskiams.lt\/?p=3049"},"modified":"2024-06-10T07:05:05","modified_gmt":"2024-06-10T07:05:05","slug":"dazniausiai-rajono-rinkejai-balsavo-uz-socialdemokratus","status":"publish","type":"post","link":"https:\/\/kelmiskiams.lt\/?p=3049","title":{"rendered":"Da\u017eniausiai rajono rink\u0117jai balsavo u\u017e socialdemokratus"},"content":{"rendered":"\n<p>Sekmadien\u012f vykusiuose Europos Parlamento rinkimuose dalyvavo kiek ma\u017eiau nei ketvirtadalis rinkimo teis\u0119 turin\u010di\u0173 gyventoj\u0173 \u2013 5361 (24,20%). Did\u017eiausio Kelm\u0117s rajono rink\u0117j\u0173 palaikymo sulauk\u0117 socialdemokratai. U\u017e \u0161i\u0105 politin\u0119 j\u0117g\u0105 balsavo 30,02 proc. rink\u0117j\u0173. Lietuvos valstie\u010di\u0173 ir \u017eali\u0173j\u0173 s\u0105jung\u0105 palaik\u0117 19,21 proc. rajono rink\u0117j\u0173, o daugiausia mandat\u0173 \u2013 tris \u2013 Lietuvoje laim\u0117jusius T\u0117vyn\u0117s s\u0105jungos-Lietuvos krik\u0161\u010dionis demokratus \u2013 10,82 proc. Netik\u0117t\u0105 pergal\u0119 rinkimuose parod\u017eiusi\u0105 Tautos ir teisingumo s\u0105jung\u0105 (centristai, tautininkai<a href=\"https:\/\/rezultatai.vrk.lt\/?srcUrl=\/rinkimai\/1546\/1\/2146\/rezultatai\/lt\/rezultataiEpDaugmPartRpg_rpgId-23926_rorgId-34452.html\">)<\/a>, kurios lyderis \u2013 neseniai \u0161 Seimo pa\u0161alintas Petras Gra\u017eulis, palaik\u0117 9,05 proc. rajono rink\u0117j\u0173.<\/p>\n\n\n\n<p>Lietuvos region\u0173 partijos atstovus Europos Parlamente nor\u0117jo matyti 7,21 proc. kelmi\u0161ki\u0173. Galb\u016bt tokio palaikymo \u0161i politin\u0117 j\u0117ga sulauk\u0117 d\u0117l to, kad rinkiminiame s\u0105ra\u0161e buvo ir Kelm\u0117s skyriaus pirminink\u0117 Lina Samulyt\u0117. U\u017e Demokrat\u0173 s\u0105jung\u0105 \u201eVardan Lietuvos\u201c rajone balsavo 4,38 proc. rink\u0117j\u0173. <\/p>\n\n\n\n<p>Nes\u0117kmingai rajone pasirod\u0117 Liberal\u0173 s\u0105j\u016bdis, u\u017e liberalus balsavo vos 3,02 procentai Kelm\u0117s rajone registruot\u0173 rink\u0117j\u0173. Lietuvoje liberalus bals\u0173 skai\u010diumi aplenk\u0117 prie\u0161taringai vertinama Tautos ir teisingumo s\u0105junga. <\/p>\n\n\n<div class=\"wp-block-image\">\n<figure class=\"aligncenter size-large\"><img decoding=\"async\" loading=\"lazy\" width=\"1024\" height=\"500\" src=\"https:\/\/kelmiskiams.lt\/wp-content\/uploads\/2024\/06\/EP-rezultatai-1024x500.png\" alt=\"\" class=\"wp-image-3050\" srcset=\"https:\/\/kelmiskiams.lt\/wp-content\/uploads\/2024\/06\/EP-rezultatai-1024x500.png 1024w, https:\/\/kelmiskiams.lt\/wp-content\/uploads\/2024\/06\/EP-rezultatai-300x147.png 300w, https:\/\/kelmiskiams.lt\/wp-content\/uploads\/2024\/06\/EP-rezultatai-768x375.png 768w, https:\/\/kelmiskiams.lt\/wp-content\/uploads\/2024\/06\/EP-rezultatai-1536x750.png 1536w, https:\/\/kelmiskiams.lt\/wp-content\/uploads\/2024\/06\/EP-rezultatai.png 1791w\" sizes=\"(max-width: 1024px) 100vw, 1024px\" \/><\/figure><\/div>\n\n\n<p>Vyriausios rinkim\u0173 komisijos (VRK) duomenimis, TS-LKD i\u0161kovojo 3 mandatus. Antroje vietoje liko Lietuvos socialdemokrat\u0173 partija (LSDP), i\u0161kovojusi 2 mandatus. Po vien\u0105 mandat\u0105 gavo ir Lietuvos valstie\u010di\u0173 ir \u017eali\u0173j\u0173 s\u0105junga (LV\u017dS), Laisv\u0117s partija, Demokrat\u0173 s\u0105junga \u201eVardan Lietuvos\u201c, Lietuvos lenk\u0173 rinkim\u0173 akcija-Krik\u0161\u010dioni\u0161k\u0173 \u0161eim\u0173 s\u0105junga (LLRA-K\u0160S), Tautos ir teisingumo s\u0105junga (centristai, tautininkai) bei Liberal\u0173 s\u0105j\u016bdis.<\/p>\n\n\n\n<p class=\"has-text-align-right\">Kelmi\u0161kiams.lt<\/p>\n","protected":false},"excerpt":{"rendered":"<p>Sekmadien\u012f vykusiuose Europos Parlamento rinkimuose dalyvavo kiek ma\u017eiau nei ketvirtadalis rinkimo teis\u0119 turin\u010di\u0173 gyventoj\u0173 \u2013 5361 (24,20%). Did\u017eiausio Kelm\u0117s rajono<\/p>\n","protected":false},"author":2,"featured_media":3051,"comment_status":"open","ping_status":"open","sticky":false,"template":"","format":"standard","meta":{"om_disable_all_campaigns":false,"_mi_skip_tracking":false},"categories":[4],"tags":[],"aioseo_notices":[],"_links":{"self":[{"href":"https:\/\/kelmiskiams.lt\/index.php?rest_route=\/wp\/v2\/posts\/3049"}],"collection":[{"href":"https:\/\/kelmiskiams.lt\/index.php?rest_route=\/wp\/v2\/posts"}],"about":[{"href":"https:\/\/kelmiskiams.lt\/index.php?rest_route=\/wp\/v2\/types\/post"}],"author":[{"embeddable":true,"href":"https:\/\/kelmiskiams.lt\/index.php?rest_route=\/wp\/v2\/users\/2"}],"replies":[{"embeddable":true,"href":"https:\/\/kelmiskiams.lt\/index.php?rest_route=%2Fwp%2Fv2%2Fcomments&post=3049"}],"version-history":[{"count":2,"href":"https:\/\/kelmiskiams.lt\/index.php?rest_route=\/wp\/v2\/posts\/3049\/revisions"}],"predecessor-version":[{"id":3054,"href":"https:\/\/kelmiskiams.lt\/index.php?rest_route=\/wp\/v2\/posts\/3049\/revisions\/3054"}],"wp:featuredmedia":[{"embeddable":true,"href":"https:\/\/kelmiskiams.lt\/index.php?rest_route=\/wp\/v2\/media\/3051"}],"wp:attachment":[{"href":"https:\/\/kelmiskiams.lt\/index.php?rest_route=%2Fwp%2Fv2%2Fmedia&parent=3049"}],"wp:term":[{"taxonomy":"category","embeddable":true,"href":"https:\/\/kelmiskiams.lt\/index.php?rest_route=%2Fwp%2Fv2%2Fcategories&post=3049"},{"taxonomy":"post_tag","embeddable":true,"href":"https:\/\/kelmiskiams.lt\/index.php?rest_route=%2Fwp%2Fv2%2Ftags&post=3049"}],"curies":[{"name":"wp","href":"https:\/\/api.w.org\/{rel}","templated":true}]}}