{"id":304,"date":"2022-10-28T06:18:33","date_gmt":"2022-10-28T06:18:33","guid":{"rendered":"https:\/\/kelmiskiams.lt\/?p=304"},"modified":"2022-10-28T06:32:58","modified_gmt":"2022-10-28T06:32:58","slug":"kurybinga-pagryzuviskes-siela","status":"publish","type":"post","link":"https:\/\/kelmiskiams.lt\/?p=304","title":{"rendered":"K\u016brybinga pagry\u017euvi\u0161k\u0117s siela"},"content":{"rendered":"\n<p>Pagry\u017euvyje gyvenanti Irma Diminskien\u0117 \u2013 \u017einoma ir gerbiama tarpe k\u016bryb\u0105 puosel\u0117jan\u010di\u0173 \u017emoni\u0173. Moteris da\u017enai organizuoja k\u016brybinius u\u017esi\u0117mimus, dirbtuv\u0117les, veda paskaitas ir taip sulaukia didelio susidom\u0117jimo savo talentu.<\/p>\n\n\n\n<p>Irma \u2013 k\u016brybini\u0173 dirbtuv\u0117li\u0173 Tytuv\u0117nuose savinink\u0117. Jos rengiami seminarai ir mokymai m\u0117gstami visame kra\u0161te.<\/p>\n\n\n\n<p>\u2013 Komandiniame darbe kiekvienas atranda savo veiklas: matuoja, pina, siuva, dekoruoja. K\u016brybinis procesas itin pozityvus, kupinas ger\u0173 emocij\u0173, o rezultatas&#8230; \u0161irdis dainuoja, \u2013 sako meninink\u0117.<\/p>\n\n\n\n<p>Irma da\u017enai moko ne\u012fgaliuosius, kuriems meninink\u0117s organizuojami u\u017esi\u0117mimai yra atsipalaidavimo, susitelkimo ir puikaus laiko leidimo forma. Da\u017eniausiai moteris su ne\u012fgaliaisiais u\u017esiima darbais i\u0161 molio.<\/p>\n\n\n\n<p>\u2013 Darbas su moliu reikalauja \u012fg\u016bd\u017ei\u0173 ir kruop\u0161tumo. Atrodo, padaryti lyg\u0173 ir gra\u017e\u0173 molio kamuoliuk\u0105 yra itin lengva, bet molis kaip med\u017eiaga yra pats savaime kiek sud\u0117tingas, tad ne viskas pavyksta i\u0161 pirmo karto, ypa\u010d, jei \u017emogaus motorika yra kiek l\u0117tesn\u0117 ar nepaslanki, \u2013 pasakoja Irma.<\/p>\n\n\n\n<p>Irma puikiai sutaria ir nuostabi\u0173 darb\u0173 sukuria ne tik su vaikais ar ne\u012fgaliaisiais, bet ir su Tytuv\u0117n\u0173 TAU studentais.<\/p>\n\n\n\n<figure class=\"is-layout-flex wp-block-gallery-1 wp-block-gallery has-nested-images columns-default is-cropped\">\n<figure class=\"wp-block-image size-large\"><img decoding=\"async\" loading=\"lazy\" width=\"767\" height=\"1024\" data-id=\"306\"  src=\"https:\/\/kelmiskiams.lt\/wp-content\/uploads\/2022\/10\/Irma2-767x1024.jpg\" alt=\"\" class=\"wp-image-306\" srcset=\"https:\/\/kelmiskiams.lt\/wp-content\/uploads\/2022\/10\/Irma2-767x1024.jpg 767w, https:\/\/kelmiskiams.lt\/wp-content\/uploads\/2022\/10\/Irma2-225x300.jpg 225w, https:\/\/kelmiskiams.lt\/wp-content\/uploads\/2022\/10\/Irma2-768x1026.jpg 768w, https:\/\/kelmiskiams.lt\/wp-content\/uploads\/2022\/10\/Irma2-1150x1536.jpg 1150w, https:\/\/kelmiskiams.lt\/wp-content\/uploads\/2022\/10\/Irma2.jpg 1533w\" sizes=\"(max-width: 767px) 100vw, 767px\" \/><figcaption>Irmos Diminskien\u0117s vedami floristikos u\u017esi\u0117mimai<\/figcaption><\/figure>\n\n\n\n<figure class=\"wp-block-image size-large\"><img decoding=\"async\" loading=\"lazy\" width=\"826\" height=\"1024\" data-id=\"307\"  src=\"https:\/\/kelmiskiams.lt\/wp-content\/uploads\/2022\/10\/Irma3-826x1024.jpg\" alt=\"\" class=\"wp-image-307\" srcset=\"https:\/\/kelmiskiams.lt\/wp-content\/uploads\/2022\/10\/Irma3-826x1024.jpg 826w, https:\/\/kelmiskiams.lt\/wp-content\/uploads\/2022\/10\/Irma3-242x300.jpg 242w, https:\/\/kelmiskiams.lt\/wp-content\/uploads\/2022\/10\/Irma3-768x953.jpg 768w, https:\/\/kelmiskiams.lt\/wp-content\/uploads\/2022\/10\/Irma3-1238x1536.jpg 1238w, https:\/\/kelmiskiams.lt\/wp-content\/uploads\/2022\/10\/Irma3.jpg 1651w\" sizes=\"(max-width: 826px) 100vw, 826px\" \/><figcaption>Floristikos u\u017esi\u0117mimai Tytuv\u0117n\u0173 TAU stident\u0117ms<\/figcaption><\/figure>\n\n\n\n<figure class=\"wp-block-image size-large\"><img decoding=\"async\" loading=\"lazy\" width=\"1024\" height=\"768\" data-id=\"309\"  src=\"https:\/\/kelmiskiams.lt\/wp-content\/uploads\/2022\/10\/Irma4-1024x768.jpg\" alt=\"\" class=\"wp-image-309\" srcset=\"https:\/\/kelmiskiams.lt\/wp-content\/uploads\/2022\/10\/Irma4-1024x768.jpg 1024w, https:\/\/kelmiskiams.lt\/wp-content\/uploads\/2022\/10\/Irma4-300x225.jpg 300w, https:\/\/kelmiskiams.lt\/wp-content\/uploads\/2022\/10\/Irma4-768x576.jpg 768w, https:\/\/kelmiskiams.lt\/wp-content\/uploads\/2022\/10\/Irma4-1536x1152.jpg 1536w, https:\/\/kelmiskiams.lt\/wp-content\/uploads\/2022\/10\/Irma4.jpg 2048w\" sizes=\"(max-width: 1024px) 100vw, 1024px\" \/><figcaption>Sve\u010diuose pas KPRC mokinius<\/figcaption><\/figure>\n\n\n\n<figure class=\"wp-block-image size-large\"><img decoding=\"async\" loading=\"lazy\" width=\"767\" height=\"1024\" data-id=\"305\"  src=\"https:\/\/kelmiskiams.lt\/wp-content\/uploads\/2022\/10\/Irma5-767x1024.jpg\" alt=\"\" class=\"wp-image-305\" srcset=\"https:\/\/kelmiskiams.lt\/wp-content\/uploads\/2022\/10\/Irma5-767x1024.jpg 767w, https:\/\/kelmiskiams.lt\/wp-content\/uploads\/2022\/10\/Irma5-225x300.jpg 225w, https:\/\/kelmiskiams.lt\/wp-content\/uploads\/2022\/10\/Irma5-768x1026.jpg 768w, https:\/\/kelmiskiams.lt\/wp-content\/uploads\/2022\/10\/Irma5-1150x1536.jpg 1150w, https:\/\/kelmiskiams.lt\/wp-content\/uploads\/2022\/10\/Irma5.jpg 1533w\" sizes=\"(max-width: 767px) 100vw, 767px\" \/><figcaption>Meninink\u0117 Irma Diminskien\u0117<\/figcaption><\/figure>\n<\/figure>\n\n\n\n<p class=\"has-text-align-right\">Nerijus \u0160arauskas \u201eKelmi\u0161kiams\u201c<\/p>\n\n\n\n<p class=\"has-text-align-right\"><em>Irmos Diminskien\u0117s asmenin\u0117s nuotr.<\/em><\/p>\n\n\n<figure class=\"wp-block-post-featured-image\"><img width=\"1358\" height=\"397\" src=\"https:\/\/kelmiskiams.lt\/wp-content\/uploads\/2022\/10\/Irma1-edited-3.jpg\" class=\"attachment-post-thumbnail size-post-thumbnail wp-post-image\" alt=\"\" decoding=\"async\" loading=\"lazy\" srcset=\"https:\/\/kelmiskiams.lt\/wp-content\/uploads\/2022\/10\/Irma1-edited-3.jpg 1358w, https:\/\/kelmiskiams.lt\/wp-content\/uploads\/2022\/10\/Irma1-edited-3-300x88.jpg 300w, https:\/\/kelmiskiams.lt\/wp-content\/uploads\/2022\/10\/Irma1-edited-3-1024x299.jpg 1024w, https:\/\/kelmiskiams.lt\/wp-content\/uploads\/2022\/10\/Irma1-edited-3-768x225.jpg 768w\" sizes=\"(max-width: 1358px) 100vw, 1358px\" \/><\/figure>","protected":false},"excerpt":{"rendered":"<p>Pagry\u017euvyje gyvenanti Irma Diminskien\u0117 \u2013 \u017einoma ir gerbiama tarpe k\u016bryb\u0105 puosel\u0117jan\u010di\u0173 \u017emoni\u0173. Moteris da\u017enai organizuoja k\u016brybinius u\u017esi\u0117mimus, dirbtuv\u0117les, veda paskaitas<\/p>\n","protected":false},"author":2,"featured_media":316,"comment_status":"open","ping_status":"open","sticky":false,"template":"","format":"standard","meta":{"om_disable_all_campaigns":false,"_mi_skip_tracking":false},"categories":[10],"tags":[],"aioseo_notices":[],"_links":{"self":[{"href":"https:\/\/kelmiskiams.lt\/index.php?rest_route=\/wp\/v2\/posts\/304"}],"collection":[{"href":"https:\/\/kelmiskiams.lt\/index.php?rest_route=\/wp\/v2\/posts"}],"about":[{"href":"https:\/\/kelmiskiams.lt\/index.php?rest_route=\/wp\/v2\/types\/post"}],"author":[{"embeddable":true,"href":"https:\/\/kelmiskiams.lt\/index.php?rest_route=\/wp\/v2\/users\/2"}],"replies":[{"embeddable":true,"href":"https:\/\/kelmiskiams.lt\/index.php?rest_route=%2Fwp%2Fv2%2Fcomments&post=304"}],"version-history":[{"count":5,"href":"https:\/\/kelmiskiams.lt\/index.php?rest_route=\/wp\/v2\/posts\/304\/revisions"}],"predecessor-version":[{"id":320,"href":"https:\/\/kelmiskiams.lt\/index.php?rest_route=\/wp\/v2\/posts\/304\/revisions\/320"}],"wp:featuredmedia":[{"embeddable":true,"href":"https:\/\/kelmiskiams.lt\/index.php?rest_route=\/wp\/v2\/media\/316"}],"wp:attachment":[{"href":"https:\/\/kelmiskiams.lt\/index.php?rest_route=%2Fwp%2Fv2%2Fmedia&parent=304"}],"wp:term":[{"taxonomy":"category","embeddable":true,"href":"https:\/\/kelmiskiams.lt\/index.php?rest_route=%2Fwp%2Fv2%2Fcategories&post=304"},{"taxonomy":"post_tag","embeddable":true,"href":"https:\/\/kelmiskiams.lt\/index.php?rest_route=%2Fwp%2Fv2%2Ftags&post=304"}],"curies":[{"name":"wp","href":"https:\/\/api.w.org\/{rel}","templated":true}]}}