{"id":3012,"date":"2024-05-30T08:57:03","date_gmt":"2024-05-30T08:57:03","guid":{"rendered":"https:\/\/kelmiskiams.lt\/?p=3012"},"modified":"2024-05-30T08:57:03","modified_gmt":"2024-05-30T08:57:03","slug":"nuo-liepos-atskirai-rusiuosime-maisto-ir-virtuves-atliekas","status":"publish","type":"post","link":"https:\/\/kelmiskiams.lt\/?p=3012","title":{"rendered":"Nuo liepos atskirai r\u016b\u0161iuosime maisto ir virtuv\u0117s atliekas"},"content":{"rendered":"\n<p>Maisto atliek\u0173 atskyrimas j\u0173 susidarymo vietoje sudaro prielaidas jas tvarkyti efektyviau, pagaminti auk\u0161tos prid\u0117tin\u0117s vert\u0117s produkt\u0105, ma\u017einti atliek\u0173 tvarkymo s\u0105naudas. Tai ES valstybes nares \u012fpareigoja daryti Atliek\u0173 pagrind\u0173 direktyva, numatanti, kad nuo 2024 m. biologin\u0117s atliekos (biologi\u0161kai skaid\u017eios sod\u0173 ir park\u0173 atliekos, maisto ir virtuv\u0117s atliekos i\u0161 nam\u0173 \u016bki\u0173, biur\u0173, ma\u017emenin\u0117s ir didmenin\u0117s prekybos, vie\u0161ojo maitinimo \u012fstaig\u0173) turi b\u016bti surenkamos atskirai arba sukompostuotos nam\u0173 \u016bkiuose. Savivaldybi\u0173 duomenimis, nuo 2024 m. sausio, kuomet Lietuvoje prad\u0117tos atskirai r\u016b\u0161iuoti maisto ir virtuv\u0117s atliekos, jau surinkta apie 3 000 ton\u0173 toki\u0173 atliek\u0173. Kelm\u0117s rajone maisto ir virtuv\u0117s atliekos bus prad\u0117tos rinkti nuo liepos m\u0117nesio.<\/p>\n\n\n\n<p>Pasak Aplinkos ministerijos viceministr\u0117s Ramintos Radavi\u010dien\u0117s, kiekviena savivaldyb\u0117 nustato savo maisto ir virtuv\u0117s atliek\u0173 surinkimo ir r\u016b\u0161iavimo tvark\u0105. Aplinkos ministerijos surengtoje apklausoje Lietuvos savivaldybi\u0173 atstovai nurod\u0117, kad 18 savivaldybi\u0173 rekomenduojama maisto atliekas \u0161alinti konteineriuose be mai\u0161eli\u0173, o \u0160iauli\u0173, Radvili\u0161kio, Klaip\u0117dos miesto ir rajono savivaldyb\u0117s rekomenduoja maisto bei virtuv\u0117s atliekas mesti \u012f konteinerius tiek su mai\u0161eliais, tiek be j\u0173.<\/p>\n\n\n\n<p>\u201eBiologini\u0173 atliek\u0173 surinkimo procesas daugelyje savivaldybi\u0173 vyksta skland\u017eiai, \u017emon\u0117s supranta \u0161io r\u016b\u0161iavimo svarb\u0105, aktyviai domisi, kokias konkre\u010diai atliekas galima mesti \u012f konteinerius. Tenka apgailestauti, kad keli miestai \u0161\u012f proces\u0105 \u017eada prad\u0117ti tik ruden\u012f. Ta\u010diau tikim\u0117s, jog iki \u0161i\u0173 met\u0173 pabaigos maisto atliekos bus r\u016b\u0161iuojamos visoje Lietuvoje&#8221;, \u2013 sako viceministr\u0117 Raminta Radavi\u010dien\u0117.<\/p>\n\n\n\n<p>Savivaldybi\u0173 teigimu, kai kuriems gyventojams, r\u016b\u0161iuojantiems biologines atliekas, tr\u016bksta \u017eini\u0173, \u012fg\u016bd\u017ei\u0173 ir motyvacijos. Gyventojai sunkiai priima naujoves, tod\u0117l nenoriai pradeda r\u016b\u0161iuoti maisto atliekas, ne\u017eino kaip r\u016b\u0161iuoti, tod\u0117l pasitaiko, kad maisto atliekos i\u0161metamos pakuot\u0117se, kurios u\u017eter\u0161ia teisingai i\u0161r\u016b\u0161iuotas maisto atliekas.<\/p>\n\n\n\n<p>Maisto ir virtuv\u0117s atliekoms priskiriami: duonos ir kit\u0173 kepini\u0173 liku\u010diai, kiau\u0161ini\u0173 luk\u0161tai, rie\u0161ut\u0173 kevalai, nedideli kiekiai plunksn\u0173 ir plauk\u0173, medienos pelenai, kavos tir\u0161\u010diai, popieriniai kavos filtrai, vaisi\u0173 ir dar\u017eovi\u0173 atliekos, ne\u0161varus, besilie\u010diantis su maistu, plastiku nepadengtas popierius, popieriniai rank\u0161luos\u010diai, skintos g\u0117l\u0117s, arbatos mai\u0161eliai ir arbat\u017eol\u0117s, vazoniniai augalai be vazono,\u00a0 \u017euvies ir m\u0117sos liku\u010diai ir kaulai, pieno produkt\u0173 liekanos, i\u0161pakuoti maisto papildai.<\/p>\n\n\n\n<p>Surinktos biologin\u0117s atliekos apdorojamos kompostavimo \u012frenginiuose ir perdirbamos \u012f auk\u0161tos kokyb\u0117s kompost\u0105. Jis naudojamas kaip tr\u0105\u0161os \u017eem\u0117s \u016bkyje ir sodininkyst\u0117je, yra puikus sintetini\u0173 tr\u0105\u0161\u0173 ir durpi\u0173 pakaitalas. Kai kuriuose regionuose biologin\u0117s atliekos taip pat perdirbamos bioduj\u0173 gamybos \u012fmon\u0117se, i\u0161 j\u0173 gaunamos biodujos, kurios naudojamos \u0161ilumai ir elektros energijai gaminti.<\/p>\n\n\n\n<p class=\"has-text-align-right\">Kelmi\u0161kiams.lt, Pexels.com nuotr.<\/p>\n","protected":false},"excerpt":{"rendered":"<p>Maisto atliek\u0173 atskyrimas j\u0173 susidarymo vietoje sudaro prielaidas jas tvarkyti efektyviau, pagaminti auk\u0161tos prid\u0117tin\u0117s vert\u0117s produkt\u0105, ma\u017einti atliek\u0173 tvarkymo s\u0105naudas.<\/p>\n","protected":false},"author":2,"featured_media":1763,"comment_status":"open","ping_status":"open","sticky":false,"template":"","format":"standard","meta":{"om_disable_all_campaigns":false,"_mi_skip_tracking":false},"categories":[4],"tags":[],"aioseo_notices":[],"_links":{"self":[{"href":"https:\/\/kelmiskiams.lt\/index.php?rest_route=\/wp\/v2\/posts\/3012"}],"collection":[{"href":"https:\/\/kelmiskiams.lt\/index.php?rest_route=\/wp\/v2\/posts"}],"about":[{"href":"https:\/\/kelmiskiams.lt\/index.php?rest_route=\/wp\/v2\/types\/post"}],"author":[{"embeddable":true,"href":"https:\/\/kelmiskiams.lt\/index.php?rest_route=\/wp\/v2\/users\/2"}],"replies":[{"embeddable":true,"href":"https:\/\/kelmiskiams.lt\/index.php?rest_route=%2Fwp%2Fv2%2Fcomments&post=3012"}],"version-history":[{"count":1,"href":"https:\/\/kelmiskiams.lt\/index.php?rest_route=\/wp\/v2\/posts\/3012\/revisions"}],"predecessor-version":[{"id":3013,"href":"https:\/\/kelmiskiams.lt\/index.php?rest_route=\/wp\/v2\/posts\/3012\/revisions\/3013"}],"wp:featuredmedia":[{"embeddable":true,"href":"https:\/\/kelmiskiams.lt\/index.php?rest_route=\/wp\/v2\/media\/1763"}],"wp:attachment":[{"href":"https:\/\/kelmiskiams.lt\/index.php?rest_route=%2Fwp%2Fv2%2Fmedia&parent=3012"}],"wp:term":[{"taxonomy":"category","embeddable":true,"href":"https:\/\/kelmiskiams.lt\/index.php?rest_route=%2Fwp%2Fv2%2Fcategories&post=3012"},{"taxonomy":"post_tag","embeddable":true,"href":"https:\/\/kelmiskiams.lt\/index.php?rest_route=%2Fwp%2Fv2%2Ftags&post=3012"}],"curies":[{"name":"wp","href":"https:\/\/api.w.org\/{rel}","templated":true}]}}