{"id":2942,"date":"2024-04-22T05:03:49","date_gmt":"2024-04-22T05:03:49","guid":{"rendered":"https:\/\/kelmiskiams.lt\/?p=2942"},"modified":"2024-04-22T05:03:49","modified_gmt":"2024-04-22T05:03:49","slug":"jaunimo-savanoriskos-tarnybos-organizavimo-pokyciai-kelmes-rajone","status":"publish","type":"post","link":"https:\/\/kelmiskiams.lt\/?p=2942","title":{"rendered":"Jaunimo savanori\u0161kos tarnybos\u00a0organizavimo poky\u010diai Kelm\u0117s rajone"},"content":{"rendered":"\n<p>Kelm\u0117s rajono savivaldyb\u0117s \u017demait\u0117s vie\u0161ojoje bibliotekoje vyko susitikimas su Jaunimo asmeninio tobul\u0117jimo centro mentoriumi Aidu Gedminu, kuris nuo \u0161i\u0173 met\u0173 koordinuos m\u016bs\u0173 rajono akredituotas organizacijas, dirban\u010dias su savanoriais. Jo vadovaujama organizacija pakeis SVO Akmen\u0117s rajono \u201eJaunimo apskrit\u0105j\u012f stal\u0105\u201c. Mentorius bus atsakingas u\u017e savanori\u0173 dalyvavim\u0105 savanori\u0161koje tarnyboje Kelm\u0117s rajone.\u00a0\u012e susitikim\u0105 buvo pakviestos ir rajone esan\u010dios akredituotos savanorius priiman\u010dios organizacijos: Kult\u016bros centro Kelm\u0117s jaunimo centro skyrius, Kelm\u0117s rajono savivaldyb\u0117s \u017demait\u0117s vie\u0161oji biblioteka, B\u012e Lioli\u0173 socialin\u0117s globos namai \u2013 socialin\u0117s globos \u012fstaiga, Kelm\u0117s rajono socialini\u0173 paslaug\u0173 centro Vaik\u0173 dienos centras \u201eParama\u201c, Kelm\u0117s rajono vaiko ir \u0161eimos gerov\u0117s centras,\u00a0Maltos ordino pagalbos tarnybos Kelm\u0117s maltie\u010di\u0173 grup\u0117, Kra\u017ei\u0173 Motiejaus Kazimiero Sarbievijaus kult\u016bros centras, U\u017eimtumo tarnyba prie Lietuvos Respublikos socialin\u0117s apsaugos ir darbo ministerijos, Kelm\u0117s Jaunimo darbo centro (JDC) atstovai, Tytuv\u0117n\u0173 regioninis parkas<strong>.<\/strong><\/p>\n\n\n\n<p>Mentorius pabr\u0117\u017e\u0117, kad savanoryst\u0117 yra naudinga pa\u010diam savanoriui, kadangi jis auga kaip asmuo, geriau pa\u017e\u012fsta save, tobulina \u012fvairias kompetencijas, mokosi save motyvuoti ir laikytis \u012fsipareigojim\u0173. A. Gedminas primin\u0117, kad organizacijos b\u016bt\u0173 atid\u017eios ir \u017einot\u0173 kada baigiasi j\u0173 organizacij\u0173 akreditacijos laikas, nes yra buv\u0119 skaud\u017ei\u0173 atvej\u0173, kai baigiasi akreditacijos laikas, o organizacijoje esan\u010diam savanoriui, nutr\u016bkus akreditacijai, nebeu\u017eskaitoma jo atlikta savanori\u0161ka veikla.<\/p>\n\n\n\n<p class=\"has-text-align-right\">Kelmi\u0161kiams.lt, Kelm\u0117s r.sav. administracijos nuotr.<\/p>\n","protected":false},"excerpt":{"rendered":"<p>Kelm\u0117s rajono savivaldyb\u0117s \u017demait\u0117s vie\u0161ojoje bibliotekoje vyko susitikimas su Jaunimo asmeninio tobul\u0117jimo centro mentoriumi Aidu Gedminu, kuris nuo \u0161i\u0173 met\u0173<\/p>\n","protected":false},"author":2,"featured_media":2943,"comment_status":"open","ping_status":"open","sticky":false,"template":"","format":"standard","meta":{"om_disable_all_campaigns":false,"_mi_skip_tracking":false},"categories":[4],"tags":[],"aioseo_notices":[],"_links":{"self":[{"href":"https:\/\/kelmiskiams.lt\/index.php?rest_route=\/wp\/v2\/posts\/2942"}],"collection":[{"href":"https:\/\/kelmiskiams.lt\/index.php?rest_route=\/wp\/v2\/posts"}],"about":[{"href":"https:\/\/kelmiskiams.lt\/index.php?rest_route=\/wp\/v2\/types\/post"}],"author":[{"embeddable":true,"href":"https:\/\/kelmiskiams.lt\/index.php?rest_route=\/wp\/v2\/users\/2"}],"replies":[{"embeddable":true,"href":"https:\/\/kelmiskiams.lt\/index.php?rest_route=%2Fwp%2Fv2%2Fcomments&post=2942"}],"version-history":[{"count":1,"href":"https:\/\/kelmiskiams.lt\/index.php?rest_route=\/wp\/v2\/posts\/2942\/revisions"}],"predecessor-version":[{"id":2944,"href":"https:\/\/kelmiskiams.lt\/index.php?rest_route=\/wp\/v2\/posts\/2942\/revisions\/2944"}],"wp:featuredmedia":[{"embeddable":true,"href":"https:\/\/kelmiskiams.lt\/index.php?rest_route=\/wp\/v2\/media\/2943"}],"wp:attachment":[{"href":"https:\/\/kelmiskiams.lt\/index.php?rest_route=%2Fwp%2Fv2%2Fmedia&parent=2942"}],"wp:term":[{"taxonomy":"category","embeddable":true,"href":"https:\/\/kelmiskiams.lt\/index.php?rest_route=%2Fwp%2Fv2%2Fcategories&post=2942"},{"taxonomy":"post_tag","embeddable":true,"href":"https:\/\/kelmiskiams.lt\/index.php?rest_route=%2Fwp%2Fv2%2Ftags&post=2942"}],"curies":[{"name":"wp","href":"https:\/\/api.w.org\/{rel}","templated":true}]}}