{"id":2866,"date":"2024-03-25T10:41:20","date_gmt":"2024-03-25T10:41:20","guid":{"rendered":"https:\/\/kelmiskiams.lt\/?p=2866"},"modified":"2024-03-25T18:17:04","modified_gmt":"2024-03-25T18:17:04","slug":"konservatoriu-pirmininkas-kalbins-buvusius-bendrazygius-grizti","status":"publish","type":"post","link":"https:\/\/kelmiskiams.lt\/?p=2866","title":{"rendered":"Konservatori\u0173 pirmininkas kalbins buvusius bendra\u017eygius gr\u012f\u017eti"},"content":{"rendered":"\n<p>Po Velyk\u0173 sukaks metai, kai i\u0161 dideliais politiniais laim\u0117jimais nepasi\u017eymin\u010di\u0173 rajono konservatori\u0173 gret\u0173 pasitrauk\u0117 dabar Savivaldyb\u0117s tarybos opozicijoje esantis Tautvilas Putvis ir buv\u0119s partijos skyriaus pirmininkas Egidijus \u016aksas. \u00a0Abiej\u0173 naryst\u0117s buvo sustabdytos ra\u0161ti\u0161kais j\u0173 pra\u0161ymais partijos skyriaus tarybai. Nors abu kalbinti buv\u0119 konservatoriai tikina nesuprant\u0105, kod\u0117l j\u0173 naryst\u0117 sustabdyta metams, ta\u010diau nuo pra\u0117jusi\u0173 met\u0173 pabaigos rajono konservatoriams vadovaujantis Saulius Mockus Kelmi\u0161kiams.lt patikino, kad skyriaus taryba tenkino pra\u0161ymus sustabdydama narystes vieneriems metams pagal politin\u0117s partijos \u012fstatus.<\/p>\n\n\n\n<p>Art\u0117jant naryst\u0117s suspendavimo terminui Kelmi\u0161kiams.lt pasiteiravo T. Putvio ir E. \u016akso, koki\u0173 \u017eingsni\u0173 jie imsi\u0105si.<\/p>\n\n\n\n<p>\u201eNesitikiu ka\u017ekoki\u0173 poky\u010di\u0173 ir komentuoti ka\u017eko daug nenoriu. Dar buv\u0119 partie\u010diai susinervins, sveikata sutriks. Ar a\u0161 dar ten esu reikalingas? Gal jiems viskas gerai\u201c, \u2013 sarkazmo buvusiems bendra\u017eygiams nesl\u0117p\u0117 E. \u016aksas.<\/p>\n\n\n\n<p>Skyriaus pirmininkas Kelmi\u0161kiams.lt sak\u0117, kad skyriui yra svarbus kiekvienas narys, tod\u0117l kalb\u0117sis su jau beveik metus partijoje veikl\u0105 sustabd\u017eiusiais nariais.<\/p>\n\n\n\n<p>\u201eM\u016bs\u0173 skyriui yra svarbus kiekvienas narys. Kalbinsime ir si\u016blysime pateikti pra\u0161ymus naryst\u0117s sustabdymo at\u0161aukimui\u201c, \u2013 sak\u0117 S. Mockus.<\/p>\n\n\n\n<p>\u201e\u0160iuo metu dirbu Rajono taryboje, opozicijoje ir nepasikeitus aplinkyb\u0117ms, d\u0117l kuri\u0173 sustabd\u017eiau naryst\u0119 partijoje, nematau prasm\u0117s atnaujinti naryst\u0119\u201c, \u2013 kalb\u0117jo T. Putvis.<\/p>\n\n\n\n<p>Pasak S. Mockaus, eiti \u012f valdan\u010di\u0105j\u0105 koalicij\u0105 buvo skyriaus visuotinio susirinkimo \u2013 auk\u0161\u010diausio skyriaus organo \u2013 sprendimas.<\/p>\n\n\n\n<p>\u201eSprendimas priimtas ne pirmininko, Tarybos nario ar skyriaus tarybos noru, bet po ilg\u0173 diskusij\u0173 visuotiniame susirinkime ir bals\u0173 dauguma\u201c, \u2013 apie prie\u0161 metus priimt\u0105 sprendim\u0105 kalb\u0117jo rajono konservatori\u0173 lyderis.<\/p>\n\n\n\n<p>S. Mockus nesiry\u017eo atskleisti, kiek nari\u0173 \u0161iuo metu yra skyriuje, ta\u010diau tikino besid\u017eiaugiantis, kad &nbsp;skyriaus nari\u0173 skai\u010dius auga ir per du \u0161i\u0173 met\u0173 m\u0117nesius pasipild\u0117 dviem naujais nariais. Pra\u0117jus\u012f penktadien\u012f rajono konservatoriai rinkosi \u012f visuotin\u012f susirinkim\u0105. Sprend\u017eiant i\u0161 renginio nuotrauk\u0173, kuriomis pasidalino Jonas Gudauskas, konservatori\u0173 kandidatas Kelm\u0117s-\u0160ilal\u0117s rinkim\u0173 apygardoje ruden\u012f vyksian\u010diuose Seimo rinkimuose, dalyvavo apie dvi de\u0161imtis \u0161ios partijos nari\u0173.<\/p>\n\n\n\n<p class=\"has-text-align-right\">Kelmi\u0161kiams.lt, Pexels.com nuotr.<\/p>\n","protected":false},"excerpt":{"rendered":"<p>Po Velyk\u0173 sukaks metai, kai i\u0161 dideliais politiniais laim\u0117jimais nepasi\u017eymin\u010di\u0173 rajono konservatori\u0173 gret\u0173 pasitrauk\u0117 dabar Savivaldyb\u0117s tarybos opozicijoje esantis Tautvilas<\/p>\n","protected":false},"author":2,"featured_media":2867,"comment_status":"open","ping_status":"open","sticky":false,"template":"","format":"standard","meta":{"om_disable_all_campaigns":false,"_mi_skip_tracking":false},"categories":[4],"tags":[],"aioseo_notices":[],"_links":{"self":[{"href":"https:\/\/kelmiskiams.lt\/index.php?rest_route=\/wp\/v2\/posts\/2866"}],"collection":[{"href":"https:\/\/kelmiskiams.lt\/index.php?rest_route=\/wp\/v2\/posts"}],"about":[{"href":"https:\/\/kelmiskiams.lt\/index.php?rest_route=\/wp\/v2\/types\/post"}],"author":[{"embeddable":true,"href":"https:\/\/kelmiskiams.lt\/index.php?rest_route=\/wp\/v2\/users\/2"}],"replies":[{"embeddable":true,"href":"https:\/\/kelmiskiams.lt\/index.php?rest_route=%2Fwp%2Fv2%2Fcomments&post=2866"}],"version-history":[{"count":2,"href":"https:\/\/kelmiskiams.lt\/index.php?rest_route=\/wp\/v2\/posts\/2866\/revisions"}],"predecessor-version":[{"id":2870,"href":"https:\/\/kelmiskiams.lt\/index.php?rest_route=\/wp\/v2\/posts\/2866\/revisions\/2870"}],"wp:featuredmedia":[{"embeddable":true,"href":"https:\/\/kelmiskiams.lt\/index.php?rest_route=\/wp\/v2\/media\/2867"}],"wp:attachment":[{"href":"https:\/\/kelmiskiams.lt\/index.php?rest_route=%2Fwp%2Fv2%2Fmedia&parent=2866"}],"wp:term":[{"taxonomy":"category","embeddable":true,"href":"https:\/\/kelmiskiams.lt\/index.php?rest_route=%2Fwp%2Fv2%2Fcategories&post=2866"},{"taxonomy":"post_tag","embeddable":true,"href":"https:\/\/kelmiskiams.lt\/index.php?rest_route=%2Fwp%2Fv2%2Ftags&post=2866"}],"curies":[{"name":"wp","href":"https:\/\/api.w.org\/{rel}","templated":true}]}}