{"id":2845,"date":"2024-03-21T10:43:10","date_gmt":"2024-03-21T10:43:10","guid":{"rendered":"https:\/\/kelmiskiams.lt\/?p=2845"},"modified":"2024-03-22T04:41:42","modified_gmt":"2024-03-22T04:41:42","slug":"rajono-taryba-nepritare-zvyrkeliu-asfaltavimo-planui","status":"publish","type":"post","link":"https:\/\/kelmiskiams.lt\/?p=2845","title":{"rendered":"Rajono taryba nepritar\u0117 \u017evyrkeli\u0173 asfaltavimo planui"},"content":{"rendered":"\n<p>Ketvirtadien\u012f vykusiame Rajono tarybos pos\u0117dyje pritr\u016bko bals\u0173 patvirtinti rajono \u017evyrkeli\u0173 ruo\u017e\u0173 asfaltavimo prioritetin\u0119 eil\u0119, kuri pastarosiomis dienomis kelia audras ne tik politin\u0117je erdv\u0117je, bet ir skirting\u0173 rajon\u0173 vietovi\u0173 bendruomen\u0117se. Apie tai portale <a href=\"https:\/\/kelmiskiams.lt\/?p=2839\" target=\"_blank\" rel=\"noopener\" title=\"\">skelb\u0117me vakar<\/a>. \u0160iandien \u012f pos\u0117d\u012f atvyko keli\u0173 rajono gyvenam\u0173j\u0173 vietovi\u0173 ir bendruomeni\u0173, verslo atstovai, kurie i\u0161sak\u0117 savo nuomones d\u0117l keli\u0173 asfaltavimo. &nbsp;<\/p>\n\n\n\n<p>Dar prie\u0161 balsavim\u0105 savivaldyb\u0117s meras Ildefonsas Petkevi\u010dius sak\u0117 tikintis, kad visi trys keliai bus i\u0161asfaltuoti. Meras patikino, kad prioriteto sudarymas nebuvo viena\u0161alis sprendimas, o priimtas kolegialiai.<\/p>\n\n\n\n<p>\u201eVisi man \u017emon\u0117s vienodi ir visi reikalingi, to paties kra\u0161to \u017emon\u0117s. Prioritetas buvo asfaltuoti kelius \u012f miestelius, kurie dar neturi asfaltuoto priva\u017eiavimo\u201c, \u2013 Tarybos nariams ir susirinkusiems rajono gyventojams sak\u0117 savivaldyb\u0117s vadovas.<\/p>\n\n\n\n<p>Savivaldyb\u0117s tarybos opozicijos lyder\u012f Daini\u0173 Ivo\u0161k\u012f papiktino pos\u0117d\u017eiui vadovavusio Alberto Brazo atsisakymas \u012f darbotvark\u0119 \u012ftraukti \u0161io sprendimo alternatyv\u0105. Pasak A. Brazo, alternatyvus sprendimo projektas buvo \u012fregistruotas nesilaikant Tarybos reglamento, nes projektas \u012fregistruotas likus ma\u017eiau nei 24 valandoms iki Tarybos pos\u0117d\u017eio.<\/p>\n\n\n\n<p>Po ilg\u0173 diskusij\u0173 ir pasisakym\u0173 Taryba balsavo. Vienuolikos valdan\u010diosios daugumos bals\u0173 neu\u017eteko pritarti projekto sprendimui. Balsavime susilaik\u0117 valdan\u010diojoje daugumoje esantys liberalas Evaldas Kmitas ir konservatorius Saulius Mockus. Visi Tarybos opozicijos atstovai nepalaik\u0117 savivaldyb\u0117s patikslintos prioriteto eil\u0117s.<\/p>\n\n\n\n<p>Pasak Statybos ir infrastrukt\u016bros skyriaus ved\u0117jo Manto Ralio, po tokio politik\u0173 sprendimo i\u0161liks Keli\u0173 direkcijos pateikta prioritetin\u0117 eil\u0117.<\/p>\n\n\n\n<p><\/p>\n\n\n\n<p class=\"has-text-align-right\">Kelmi\u0161kiams.lt<\/p>\n\n\n<div class=\"wp-block-image\">\n<figure class=\"aligncenter size-large\"><img decoding=\"async\" loading=\"lazy\" width=\"1024\" height=\"491\" src=\"https:\/\/kelmiskiams.lt\/wp-content\/uploads\/2024\/03\/image_50451457-1024x491.jpg\" alt=\"\" class=\"wp-image-2847\" srcset=\"https:\/\/kelmiskiams.lt\/wp-content\/uploads\/2024\/03\/image_50451457-1024x491.jpg 1024w, https:\/\/kelmiskiams.lt\/wp-content\/uploads\/2024\/03\/image_50451457-300x144.jpg 300w, https:\/\/kelmiskiams.lt\/wp-content\/uploads\/2024\/03\/image_50451457-768x368.jpg 768w, https:\/\/kelmiskiams.lt\/wp-content\/uploads\/2024\/03\/image_50451457-1536x736.jpg 1536w, https:\/\/kelmiskiams.lt\/wp-content\/uploads\/2024\/03\/image_50451457-2048x981.jpg 2048w\" sizes=\"(max-width: 1024px) 100vw, 1024px\" \/><figcaption class=\"wp-element-caption\">Balsavimo rezultatai<\/figcaption><\/figure><\/div>","protected":false},"excerpt":{"rendered":"<p>Ketvirtadien\u012f vykusiame Rajono tarybos pos\u0117dyje pritr\u016bko bals\u0173 patvirtinti rajono \u017evyrkeli\u0173 ruo\u017e\u0173 asfaltavimo prioritetin\u0119 eil\u0119, kuri pastarosiomis dienomis kelia audras ne<\/p>\n","protected":false},"author":2,"featured_media":2846,"comment_status":"open","ping_status":"open","sticky":false,"template":"","format":"standard","meta":{"om_disable_all_campaigns":false,"_mi_skip_tracking":false},"categories":[4],"tags":[],"aioseo_notices":[],"_links":{"self":[{"href":"https:\/\/kelmiskiams.lt\/index.php?rest_route=\/wp\/v2\/posts\/2845"}],"collection":[{"href":"https:\/\/kelmiskiams.lt\/index.php?rest_route=\/wp\/v2\/posts"}],"about":[{"href":"https:\/\/kelmiskiams.lt\/index.php?rest_route=\/wp\/v2\/types\/post"}],"author":[{"embeddable":true,"href":"https:\/\/kelmiskiams.lt\/index.php?rest_route=\/wp\/v2\/users\/2"}],"replies":[{"embeddable":true,"href":"https:\/\/kelmiskiams.lt\/index.php?rest_route=%2Fwp%2Fv2%2Fcomments&post=2845"}],"version-history":[{"count":2,"href":"https:\/\/kelmiskiams.lt\/index.php?rest_route=\/wp\/v2\/posts\/2845\/revisions"}],"predecessor-version":[{"id":2850,"href":"https:\/\/kelmiskiams.lt\/index.php?rest_route=\/wp\/v2\/posts\/2845\/revisions\/2850"}],"wp:featuredmedia":[{"embeddable":true,"href":"https:\/\/kelmiskiams.lt\/index.php?rest_route=\/wp\/v2\/media\/2846"}],"wp:attachment":[{"href":"https:\/\/kelmiskiams.lt\/index.php?rest_route=%2Fwp%2Fv2%2Fmedia&parent=2845"}],"wp:term":[{"taxonomy":"category","embeddable":true,"href":"https:\/\/kelmiskiams.lt\/index.php?rest_route=%2Fwp%2Fv2%2Fcategories&post=2845"},{"taxonomy":"post_tag","embeddable":true,"href":"https:\/\/kelmiskiams.lt\/index.php?rest_route=%2Fwp%2Fv2%2Ftags&post=2845"}],"curies":[{"name":"wp","href":"https:\/\/api.w.org\/{rel}","templated":true}]}}