{"id":2784,"date":"2024-03-07T10:49:51","date_gmt":"2024-03-07T10:49:51","guid":{"rendered":"https:\/\/kelmiskiams.lt\/?p=2784"},"modified":"2024-03-07T10:49:51","modified_gmt":"2024-03-07T10:49:51","slug":"kelmiskiams-jau-grazinamos-gpm-permokos","status":"publish","type":"post","link":"https:\/\/kelmiskiams.lt\/?p=2784","title":{"rendered":"Kelmi\u0161kiams jau gr\u0105\u017einamos GPM permokos"},"content":{"rendered":"\n<p>Pastarosiomis dienomis kelmi\u0161kiai aktyviai teikia pajam\u0173 deklaracijas. Pasak \u0160iauli\u0173 apskrities valstybin\u0117s mokes\u010di\u0173 inspekcijos Mokestini\u0173 prievoli\u0173 departamento direktor\u0117s Vitalijos Kublickien\u0117s, puspenkto t\u016bkstan\u010dio Kelm\u0117s rajono gyventoj\u0173 jau pateik\u0117 pajam\u0173 deklaracijas. 877 gyventoj\u0173 deklaravo per 154 t\u016bkst. Eur mok\u0117tino GPM, 3 t\u016bkst. gyventoj\u0173 deklaravo per 1,1 mln. Eur gr\u0105\u017eintino GPM (i\u0161 j\u0173 137 gyventojams jau gr\u0105\u017einta beveik 48 t\u016bkst. Eur), 585 gyventoj\u0173 pateik\u0117 vadinam\u0105sias \u201enulines\u201c pajam\u0173 deklaracijas.<\/p>\n\n\n\n<p class=\"has-text-align-right\">Kelmi\u0161kiams.lt<\/p>\n","protected":false},"excerpt":{"rendered":"<p>Pastarosiomis dienomis kelmi\u0161kiai aktyviai teikia pajam\u0173 deklaracijas. Pasak \u0160iauli\u0173 apskrities valstybin\u0117s mokes\u010di\u0173 inspekcijos Mokestini\u0173 prievoli\u0173 departamento direktor\u0117s Vitalijos Kublickien\u0117s, puspenkto<\/p>\n","protected":false},"author":2,"featured_media":656,"comment_status":"open","ping_status":"open","sticky":false,"template":"","format":"standard","meta":{"om_disable_all_campaigns":false,"_mi_skip_tracking":false},"categories":[4],"tags":[],"aioseo_notices":[],"_links":{"self":[{"href":"https:\/\/kelmiskiams.lt\/index.php?rest_route=\/wp\/v2\/posts\/2784"}],"collection":[{"href":"https:\/\/kelmiskiams.lt\/index.php?rest_route=\/wp\/v2\/posts"}],"about":[{"href":"https:\/\/kelmiskiams.lt\/index.php?rest_route=\/wp\/v2\/types\/post"}],"author":[{"embeddable":true,"href":"https:\/\/kelmiskiams.lt\/index.php?rest_route=\/wp\/v2\/users\/2"}],"replies":[{"embeddable":true,"href":"https:\/\/kelmiskiams.lt\/index.php?rest_route=%2Fwp%2Fv2%2Fcomments&post=2784"}],"version-history":[{"count":1,"href":"https:\/\/kelmiskiams.lt\/index.php?rest_route=\/wp\/v2\/posts\/2784\/revisions"}],"predecessor-version":[{"id":2785,"href":"https:\/\/kelmiskiams.lt\/index.php?rest_route=\/wp\/v2\/posts\/2784\/revisions\/2785"}],"wp:featuredmedia":[{"embeddable":true,"href":"https:\/\/kelmiskiams.lt\/index.php?rest_route=\/wp\/v2\/media\/656"}],"wp:attachment":[{"href":"https:\/\/kelmiskiams.lt\/index.php?rest_route=%2Fwp%2Fv2%2Fmedia&parent=2784"}],"wp:term":[{"taxonomy":"category","embeddable":true,"href":"https:\/\/kelmiskiams.lt\/index.php?rest_route=%2Fwp%2Fv2%2Fcategories&post=2784"},{"taxonomy":"post_tag","embeddable":true,"href":"https:\/\/kelmiskiams.lt\/index.php?rest_route=%2Fwp%2Fv2%2Ftags&post=2784"}],"curies":[{"name":"wp","href":"https:\/\/api.w.org\/{rel}","templated":true}]}}