{"id":273,"date":"2022-10-25T09:33:36","date_gmt":"2022-10-25T09:33:36","guid":{"rendered":"https:\/\/kelmiskiams.lt\/?p=273"},"modified":"2022-10-25T09:33:37","modified_gmt":"2022-10-25T09:33:37","slug":"piligrimu-centro-delegacija-lankesi-maltoje","status":"publish","type":"post","link":"https:\/\/kelmiskiams.lt\/?p=273","title":{"rendered":"Piligrim\u0173 centro delegacija lank\u0117si Maltoje"},"content":{"rendered":"\n<p>Kelm\u0117s rajono savivaldyb\u0117s administracijos ir V\u0161\u012e Tytuv\u0117n\u0173 piligrim\u0173 centro delegacija vie\u0161\u0117jo Maltoje, kur buvo pakviesta dalyvauti kasmetiniame Hamr\u016bno (Hamrun) \u0161okolado festivalyje ir pristatyti Kelm\u0117s kra\u0161t\u0105 bei jame gaminamus saldumynus, taip pat pabendrauti d\u0117l galimyb\u0117s ateityje kurti partneryst\u0117s ry\u0161ius tarp Kelm\u0117s ir Hamr\u016bno rajon\u0173.<\/p>\n\n\n\n<p>Vie\u0161nag\u0117s metu delegacija tur\u0117jo galimyb\u0119 pa\u017einti dvi skirtingas Maltos dalis, pietin\u0119 \u2013 labiau orientuot\u0105 \u012f turizm\u0105, ir \u0161iaurin\u0119 \u2013 kurioje pl\u0117tojamas \u017eem\u0117s \u016bkis.&nbsp;Buvo aplankyta Maltos sostin\u0117 Valeta. Pasivaik\u0161\u010diota Hamr\u016bno gatv\u0117mis, diskutuota, su kokiomis problemomis susiduria miestas, kaip jos sprend\u017eiamos.<\/p>\n\n\n\n<p>Lankantis \u0161iaurin\u0117je salos dalyje esan\u010diame \u016bkyje buvo kalb\u0117ta apie tai, su kokiais i\u0161\u0161\u016bkiais susiduria \u016bkininkaujantys Maltoje.<\/p>\n\n\n\n<p>Oficialaus susitikimo metu Hamr\u016bno merui buvo \u012fteiktas kvietimas 2023 m. atvykti \u012f Kelm\u0117je kasmet rengiam\u0105 meno \u0161vent\u0119 \u201eKelm\u0117s ratas\u201c.<\/p>\n\n\n\n<p><em>Tytuv\u0117n\u0173 piligrim\u0173 centro informacija ir nuotrauk<\/em>a<\/p>\n\n\n<figure class=\"wp-block-post-featured-image\"><img width=\"800\" height=\"601\" src=\"https:\/\/kelmiskiams.lt\/wp-content\/uploads\/2022\/10\/malta.jpg\" class=\"attachment-post-thumbnail size-post-thumbnail wp-post-image\" alt=\"\" decoding=\"async\" loading=\"lazy\" srcset=\"https:\/\/kelmiskiams.lt\/wp-content\/uploads\/2022\/10\/malta.jpg 800w, https:\/\/kelmiskiams.lt\/wp-content\/uploads\/2022\/10\/malta-300x225.jpg 300w, https:\/\/kelmiskiams.lt\/wp-content\/uploads\/2022\/10\/malta-768x577.jpg 768w\" sizes=\"(max-width: 800px) 100vw, 800px\" \/><\/figure>\n\n\n<p><\/p>\n","protected":false},"excerpt":{"rendered":"<p>Kelm\u0117s rajono savivaldyb\u0117s administracijos ir V\u0161\u012e Tytuv\u0117n\u0173 piligrim\u0173 centro delegacija vie\u0161\u0117jo Maltoje, kur buvo pakviesta dalyvauti kasmetiniame Hamr\u016bno (Hamrun) \u0161okolado<\/p>\n","protected":false},"author":2,"featured_media":274,"comment_status":"open","ping_status":"open","sticky":false,"template":"","format":"standard","meta":{"om_disable_all_campaigns":false,"_mi_skip_tracking":false},"categories":[4],"tags":[],"aioseo_notices":[],"_links":{"self":[{"href":"https:\/\/kelmiskiams.lt\/index.php?rest_route=\/wp\/v2\/posts\/273"}],"collection":[{"href":"https:\/\/kelmiskiams.lt\/index.php?rest_route=\/wp\/v2\/posts"}],"about":[{"href":"https:\/\/kelmiskiams.lt\/index.php?rest_route=\/wp\/v2\/types\/post"}],"author":[{"embeddable":true,"href":"https:\/\/kelmiskiams.lt\/index.php?rest_route=\/wp\/v2\/users\/2"}],"replies":[{"embeddable":true,"href":"https:\/\/kelmiskiams.lt\/index.php?rest_route=%2Fwp%2Fv2%2Fcomments&post=273"}],"version-history":[{"count":1,"href":"https:\/\/kelmiskiams.lt\/index.php?rest_route=\/wp\/v2\/posts\/273\/revisions"}],"predecessor-version":[{"id":275,"href":"https:\/\/kelmiskiams.lt\/index.php?rest_route=\/wp\/v2\/posts\/273\/revisions\/275"}],"wp:featuredmedia":[{"embeddable":true,"href":"https:\/\/kelmiskiams.lt\/index.php?rest_route=\/wp\/v2\/media\/274"}],"wp:attachment":[{"href":"https:\/\/kelmiskiams.lt\/index.php?rest_route=%2Fwp%2Fv2%2Fmedia&parent=273"}],"wp:term":[{"taxonomy":"category","embeddable":true,"href":"https:\/\/kelmiskiams.lt\/index.php?rest_route=%2Fwp%2Fv2%2Fcategories&post=273"},{"taxonomy":"post_tag","embeddable":true,"href":"https:\/\/kelmiskiams.lt\/index.php?rest_route=%2Fwp%2Fv2%2Ftags&post=273"}],"curies":[{"name":"wp","href":"https:\/\/api.w.org\/{rel}","templated":true}]}}