{"id":270,"date":"2022-10-24T11:44:10","date_gmt":"2022-10-24T11:44:10","guid":{"rendered":"https:\/\/kelmiskiams.lt\/?p=270"},"modified":"2022-10-24T11:45:18","modified_gmt":"2022-10-24T11:45:18","slug":"vokieciu-kalbos-dienos-2022-o-kaip-vokiskai","status":"publish","type":"post","link":"https:\/\/kelmiskiams.lt\/?p=270","title":{"rendered":"\u201eVokie\u010di\u0173 kalbos dienos 2022\u201c \u201e\u00d6 kaip voki\u0161kai?\u201c"},"content":{"rendered":"\n<p>Spalio 17\u201323 dienomis visoje Lietuvoje vyko \u201eVokie\u010di\u0173 kalbos dienos 2022\u201c \u201e\u00d6 kaip voki\u0161kai?\u201c renginiai. J\u0173 tikslas \u2013 pabr\u0117\u017eti vokie\u010di\u0173 kalbos svarb\u0105 m\u016bs\u0173 \u0161alies \u0161vietimo ir kult\u016bros \u012fstaigose, versle, ruo\u0161iantis studijoms, sta\u017euot\u0117ms, darbui Vokietijoje, asmeniniam tobul\u0117jimui. Projekt\u0105 inicijavo Vokietijos Federacin\u0117s Respublikos ambasada Lietuvoje, Goethe\u2018s institutas, Centrin\u0117 u\u017esienio \u0161vietimo sistemos valdyba, Vokietijos akademini\u0173 main\u0173 tarnyba bei Vokietijos ir Baltijos \u0161ali\u0173 prekybos r\u016bmai.<\/p>\n\n\n\n<p>Vis\u0105 savait\u0119 Kelm\u0117s rajono \u0161vietimo \u012fstaigose, kuriose mokiniai mokosi vokie\u010di\u0173 kalbos, vyko \u012fvair\u016bs renginiai, skatinantys mokinius mokytis vokie\u010di\u0173 kalbos. Spalio 19 dien\u0105 penkios mokykl\u0173 komandos dalyvavo rajoniniame renginyje, vykusiame jaukiame Kelm\u0117s kult\u016bros centre.<\/p>\n\n\n\n<p>Mokiniai i\u0161 Kelm\u0117s \u201eKra\u017eant\u0117s\u201c progimnazijos, \u201eAukuro\u201c pagrindin\u0117s mokyklos, Pakra\u017ean\u010dio, &nbsp;U\u017even\u010dio \u0160atrijos Raganos ir Tytuv\u0117n\u0173 gimnazij\u0173 dalyvavo bendroje veikloje. Mi\u0161riose grup\u0117se mokiniai atliko u\u017eduotis, \u017eaid\u0117 stalo bei judriuosius \u017eaidimus, mok\u0117si bendrauti ir bendradarbiauti, ugd\u0117 pa\u017einimo, mok\u0117jimo mokytis kompetencijas. Mokiniams u\u017eduotis pareng\u0117 ir veiklas organizavo vokie\u010di\u0173 kalbos mokytojai Nijol\u0117 Vengelien\u0117, Violeta Truncien\u0117, Vita Milkintait\u0117,&nbsp; Danut\u0117 Mickevi\u010dien\u0117 ir Robertas Gudauskas.<\/p>\n\n\n<figure class=\"wp-block-post-featured-image\"><img width=\"800\" height=\"600\" src=\"https:\/\/kelmiskiams.lt\/wp-content\/uploads\/2022\/10\/311701894_536867501777686_8381149005577818003_n.jpg\" class=\"attachment-post-thumbnail size-post-thumbnail wp-post-image\" alt=\"\" decoding=\"async\" loading=\"lazy\" srcset=\"https:\/\/kelmiskiams.lt\/wp-content\/uploads\/2022\/10\/311701894_536867501777686_8381149005577818003_n.jpg 800w, https:\/\/kelmiskiams.lt\/wp-content\/uploads\/2022\/10\/311701894_536867501777686_8381149005577818003_n-300x225.jpg 300w, https:\/\/kelmiskiams.lt\/wp-content\/uploads\/2022\/10\/311701894_536867501777686_8381149005577818003_n-768x576.jpg 768w\" sizes=\"(max-width: 800px) 100vw, 800px\" \/><\/figure>\n\n\n<p class=\"has-text-align-right\"><em>\u0160vietimo, kult\u016bros ir sporto skyriaus informacija<\/em> <em>ir nuotr.<\/em><\/p>\n","protected":false},"excerpt":{"rendered":"<p>Spalio 17\u201323 dienomis visoje Lietuvoje vyko \u201eVokie\u010di\u0173 kalbos dienos 2022\u201c \u201e\u00d6 kaip voki\u0161kai?\u201c renginiai. J\u0173 tikslas \u2013 pabr\u0117\u017eti vokie\u010di\u0173 kalbos<\/p>\n","protected":false},"author":2,"featured_media":271,"comment_status":"open","ping_status":"open","sticky":false,"template":"","format":"standard","meta":{"om_disable_all_campaigns":false,"_mi_skip_tracking":false},"categories":[8],"tags":[],"aioseo_notices":[],"_links":{"self":[{"href":"https:\/\/kelmiskiams.lt\/index.php?rest_route=\/wp\/v2\/posts\/270"}],"collection":[{"href":"https:\/\/kelmiskiams.lt\/index.php?rest_route=\/wp\/v2\/posts"}],"about":[{"href":"https:\/\/kelmiskiams.lt\/index.php?rest_route=\/wp\/v2\/types\/post"}],"author":[{"embeddable":true,"href":"https:\/\/kelmiskiams.lt\/index.php?rest_route=\/wp\/v2\/users\/2"}],"replies":[{"embeddable":true,"href":"https:\/\/kelmiskiams.lt\/index.php?rest_route=%2Fwp%2Fv2%2Fcomments&post=270"}],"version-history":[{"count":1,"href":"https:\/\/kelmiskiams.lt\/index.php?rest_route=\/wp\/v2\/posts\/270\/revisions"}],"predecessor-version":[{"id":272,"href":"https:\/\/kelmiskiams.lt\/index.php?rest_route=\/wp\/v2\/posts\/270\/revisions\/272"}],"wp:featuredmedia":[{"embeddable":true,"href":"https:\/\/kelmiskiams.lt\/index.php?rest_route=\/wp\/v2\/media\/271"}],"wp:attachment":[{"href":"https:\/\/kelmiskiams.lt\/index.php?rest_route=%2Fwp%2Fv2%2Fmedia&parent=270"}],"wp:term":[{"taxonomy":"category","embeddable":true,"href":"https:\/\/kelmiskiams.lt\/index.php?rest_route=%2Fwp%2Fv2%2Fcategories&post=270"},{"taxonomy":"post_tag","embeddable":true,"href":"https:\/\/kelmiskiams.lt\/index.php?rest_route=%2Fwp%2Fv2%2Ftags&post=270"}],"curies":[{"name":"wp","href":"https:\/\/api.w.org\/{rel}","templated":true}]}}