{"id":2699,"date":"2024-01-30T06:47:50","date_gmt":"2024-01-30T06:47:50","guid":{"rendered":"https:\/\/kelmiskiams.lt\/?p=2699"},"modified":"2024-01-30T06:49:00","modified_gmt":"2024-01-30T06:49:00","slug":"siuloma-metus-skirti-zemaiciu-kalbos-ir-rasto-puoselejimui","status":"publish","type":"post","link":"https:\/\/kelmiskiams.lt\/?p=2699","title":{"rendered":"Si\u016bloma metus skirti \u017eemai\u010di\u0173 kalbos ir ra\u0161to puosel\u0117jimui"},"content":{"rendered":"\n<p>Artimiausiame Savivaldyb\u0117s tarybos pos\u0117dyje bus si\u016bloma 2024-uosius metus Kelm\u0117s rajono savivaldyb\u0117je paskelbti \u017eemai\u010di\u0173 kalbos ir \u017eemaiti\u0161ko ra\u0161to metais. Pasak Tarybos nar\u0117s Emilijos Kvietkuvien\u0117s, \u0161iuo siekiama paskatinti \u017eemaiti\u0161ko ra\u0161to puosel\u0117jim\u0105 ir sklaid\u0105, skatinti tautinio identiteto ugdym\u0105, ugdyti pilieti\u0161kum\u0105 ir patriotizm\u0105. \u017demai\u010di\u0173 kalbos ir \u017eemaiti\u0161ko ra\u0161to puosel\u0117jimas ir sklaida \u2013 vienas i\u0161 \u017demaitijos regiono tautinio tapatumo i\u0161saugojimo b\u016bd\u0173. 2024-uosius metus paskelbti \u017eemai\u010di\u0173 kalbos ir \u017eemaiti\u0161ko ra\u0161to metais Kelm\u0117s rajono savivaldyb\u0117je nuspr\u0119sta atsi\u017evelgus \u012f \u017demai\u010di\u0173 kult\u016bros draugijos pra\u0161ym\u0105.<\/p>\n\n\n\n<p class=\"has-text-align-right\">Kelmi\u0161kiams.lt, Pexels.com nuotr.<\/p>\n","protected":false},"excerpt":{"rendered":"<p>Artimiausiame Savivaldyb\u0117s tarybos pos\u0117dyje bus si\u016bloma 2024-uosius metus Kelm\u0117s rajono savivaldyb\u0117je paskelbti \u017eemai\u010di\u0173 kalbos ir \u017eemaiti\u0161ko ra\u0161to metais. Pasak Tarybos<\/p>\n","protected":false},"author":2,"featured_media":2700,"comment_status":"open","ping_status":"open","sticky":false,"template":"","format":"standard","meta":{"om_disable_all_campaigns":false,"_mi_skip_tracking":false},"categories":[4],"tags":[],"aioseo_notices":[],"_links":{"self":[{"href":"https:\/\/kelmiskiams.lt\/index.php?rest_route=\/wp\/v2\/posts\/2699"}],"collection":[{"href":"https:\/\/kelmiskiams.lt\/index.php?rest_route=\/wp\/v2\/posts"}],"about":[{"href":"https:\/\/kelmiskiams.lt\/index.php?rest_route=\/wp\/v2\/types\/post"}],"author":[{"embeddable":true,"href":"https:\/\/kelmiskiams.lt\/index.php?rest_route=\/wp\/v2\/users\/2"}],"replies":[{"embeddable":true,"href":"https:\/\/kelmiskiams.lt\/index.php?rest_route=%2Fwp%2Fv2%2Fcomments&post=2699"}],"version-history":[{"count":2,"href":"https:\/\/kelmiskiams.lt\/index.php?rest_route=\/wp\/v2\/posts\/2699\/revisions"}],"predecessor-version":[{"id":2702,"href":"https:\/\/kelmiskiams.lt\/index.php?rest_route=\/wp\/v2\/posts\/2699\/revisions\/2702"}],"wp:featuredmedia":[{"embeddable":true,"href":"https:\/\/kelmiskiams.lt\/index.php?rest_route=\/wp\/v2\/media\/2700"}],"wp:attachment":[{"href":"https:\/\/kelmiskiams.lt\/index.php?rest_route=%2Fwp%2Fv2%2Fmedia&parent=2699"}],"wp:term":[{"taxonomy":"category","embeddable":true,"href":"https:\/\/kelmiskiams.lt\/index.php?rest_route=%2Fwp%2Fv2%2Fcategories&post=2699"},{"taxonomy":"post_tag","embeddable":true,"href":"https:\/\/kelmiskiams.lt\/index.php?rest_route=%2Fwp%2Fv2%2Ftags&post=2699"}],"curies":[{"name":"wp","href":"https:\/\/api.w.org\/{rel}","templated":true}]}}