{"id":2605,"date":"2024-01-05T11:00:41","date_gmt":"2024-01-05T11:00:41","guid":{"rendered":"https:\/\/kelmiskiams.lt\/?p=2605"},"modified":"2024-01-05T11:40:51","modified_gmt":"2024-01-05T11:40:51","slug":"personalo-nuoma-uzsiemusios-imones-kelmes-rajone-vadovas-aiskinsis-teismui","status":"publish","type":"post","link":"https:\/\/kelmiskiams.lt\/?p=2605","title":{"rendered":"Personalo nuoma u\u017esi\u0117musios \u012fmon\u0117s Kelm\u0117s rajone vadovas ai\u0161kinsis teismui"},"content":{"rendered":"\n<p>Personalo nuoma u\u017esi\u0117musios \u012fmon\u0117s Kelm\u0117s rajone vadovas ai\u0161kinsis teismui d\u0117l galimai nesumok\u0117t\u0173 daugiau nei 153&nbsp;t\u016bkst. eur\u0173 pelno mokes\u010dio bei apgaulingai tvarkytos \u012fmon\u0117s finansin\u0117s apskaitos. Ikiteismin\u012f tyrim\u0105 atliko Finansini\u0173 nusikaltim\u0173 tyrimo tarnybos (FNTT) pareig\u016bnai, tyrimui vadovavo \u0160iauli\u0173 apygardos prokurat\u016bra.<\/p>\n\n\n\n<p>Atliekant ikiteismin\u012f tyrim\u0105 nustatyta, kad \u012fmon\u0117s vadovas organizavo darbuotoj\u0173 vykim\u0105 \u012f \u0160vedij\u0105 atlikti \u012fvairi\u0173 statybos darb\u0173 ir u\u017e \u0161i\u0105 veikl\u0105 per 2019\u20132021 metus gal\u0117jo gauti beveik 2,8&nbsp;mln. eur\u0173 pajam\u0173.<\/p>\n\n\n\n<p>\u012etariama, kad asmuo gal\u0117jo siekti i\u0161vengti privalomo sumok\u0117ti pelno mokes\u010dio, kuris siek\u0117 daugiau nei 153&nbsp;t\u016bkst. eur\u0173, ir tod\u0117l gal\u0117jo neteikti privalom\u0173 pelno mokes\u010dio deklaracij\u0173 Valstybinei mokes\u010di\u0173 inspekcijai (VMI).<\/p>\n\n\n\n<p>Surinktais duomenimis, mokes\u010di\u0173 kaltinamasis nesumok\u0117jo ir paragintas VMI specialist\u0173 bei netgi gav\u0119s mokes\u010di\u0173 administravimo nurodym\u0105.<\/p>\n\n\n\n<p>Prad\u0117jus ikiteismin\u012f tyrim\u0105 paai\u0161k\u0117jo, kad \u012fmon\u0117s vadovas, b\u016bdamas atsakingas u\u017e savo \u012fmon\u0117s finansin\u0117s apskaitos tvarkym\u0105 ir apskaitos registr\u0173 i\u0161saugojim\u0105, \u012ftariama, visus finansin\u0117s apskaitos dokumentus pasl\u0117p\u0117, kad pareig\u016bnai negal\u0117t\u0173 i\u0161siai\u0161kinti trej\u0173 met\u0173 laikotarpio tikr\u0173j\u0173 \u012fmon\u0117s pajam\u0173, turto, vykdyt\u0173 \u016bkini\u0173 operacij\u0173, \u012fsigijim\u0173 ir pan.<\/p>\n\n\n\n<p>Ikiteisminiam tyrimui vadovavusi \u0160iauli\u0173 apygardos prokurat\u016bros prokuror\u0117 Au\u0161ra Petkevi\u010dien\u0117 sura\u0161\u0117 kaltinam\u0105j\u012f akt\u0105, kuriame asmeniui pareik\u0161ti kaltinimai d\u0117l apgaulingo finansin\u0117s apskaitos tvarkymo bei deklaracijos, ataskaitos ar kito dokumento nepateikimo, kai mokes\u010di\u0173 suma vir\u0161ija 900&nbsp;MGL.<\/p>\n\n\n\n<p>U\u017e apgauling\u0105 finansin\u0117s apskaitos tvarkym\u0105 teismas gali skirti grie\u017e\u010diausi\u0105 bausm\u0119 \u2013 laisv\u0117s at\u0117mim\u0105 iki ketveri\u0173 met\u0173. U\u017e deklaracijos, ataskaitos ar kito dokumento nepateikim\u0105, kai mokes\u010di\u0173 suma vir\u0161ija 900&nbsp;MGL, galima grie\u017e\u010diausia bausm\u0117 yra laisv\u0117s at\u0117mimas iki septyneri\u0173 met\u0173.<\/p>\n\n\n\n<p class=\"has-text-align-right\">Kelmi\u0161kiams.lt, asociatyvi Pexels.com nuotr.<\/p>\n","protected":false},"excerpt":{"rendered":"<p>Personalo nuoma u\u017esi\u0117musios \u012fmon\u0117s Kelm\u0117s rajone vadovas ai\u0161kinsis teismui d\u0117l galimai nesumok\u0117t\u0173 daugiau nei 153&nbsp;t\u016bkst. eur\u0173 pelno mokes\u010dio bei apgaulingai<\/p>\n","protected":false},"author":2,"featured_media":2606,"comment_status":"open","ping_status":"open","sticky":false,"template":"","format":"standard","meta":{"om_disable_all_campaigns":false,"_mi_skip_tracking":false},"categories":[9],"tags":[],"aioseo_notices":[],"_links":{"self":[{"href":"https:\/\/kelmiskiams.lt\/index.php?rest_route=\/wp\/v2\/posts\/2605"}],"collection":[{"href":"https:\/\/kelmiskiams.lt\/index.php?rest_route=\/wp\/v2\/posts"}],"about":[{"href":"https:\/\/kelmiskiams.lt\/index.php?rest_route=\/wp\/v2\/types\/post"}],"author":[{"embeddable":true,"href":"https:\/\/kelmiskiams.lt\/index.php?rest_route=\/wp\/v2\/users\/2"}],"replies":[{"embeddable":true,"href":"https:\/\/kelmiskiams.lt\/index.php?rest_route=%2Fwp%2Fv2%2Fcomments&post=2605"}],"version-history":[{"count":2,"href":"https:\/\/kelmiskiams.lt\/index.php?rest_route=\/wp\/v2\/posts\/2605\/revisions"}],"predecessor-version":[{"id":2608,"href":"https:\/\/kelmiskiams.lt\/index.php?rest_route=\/wp\/v2\/posts\/2605\/revisions\/2608"}],"wp:featuredmedia":[{"embeddable":true,"href":"https:\/\/kelmiskiams.lt\/index.php?rest_route=\/wp\/v2\/media\/2606"}],"wp:attachment":[{"href":"https:\/\/kelmiskiams.lt\/index.php?rest_route=%2Fwp%2Fv2%2Fmedia&parent=2605"}],"wp:term":[{"taxonomy":"category","embeddable":true,"href":"https:\/\/kelmiskiams.lt\/index.php?rest_route=%2Fwp%2Fv2%2Fcategories&post=2605"},{"taxonomy":"post_tag","embeddable":true,"href":"https:\/\/kelmiskiams.lt\/index.php?rest_route=%2Fwp%2Fv2%2Ftags&post=2605"}],"curies":[{"name":"wp","href":"https:\/\/api.w.org\/{rel}","templated":true}]}}